{"id":837,"date":"2019-10-25T21:56:29","date_gmt":"2019-10-25T21:56:29","guid":{"rendered":"https:\/\/rodprzyluskiego.pl\/?p=837"},"modified":"2019-10-25T21:56:30","modified_gmt":"2019-10-25T21:56:30","slug":"mlodzi-goscie-w-naszym-rod","status":"publish","type":"post","link":"https:\/\/rodprzyluskiego.pl\/?p=837","title":{"rendered":"M\u0142odzi Go\u015bcie w naszym ROD"},"content":{"rendered":"\n<p>&nbsp; &nbsp; &nbsp; &nbsp; &nbsp;&nbsp; ROD ks. L. Przy\u0142uskiego w dniu 15 pa\u017adziernika 2019r. go\u015bci\u0142 m\u0142odzie\u017c wraz z opiekunkami z Zespo\u0142u Szk\u00f3\u0142 Specjalnych nr 2 z ul. Prze\u0142ajowej w Poznaniu. By\u0142o to ju\u017c kolejne spotkanie z m\u0142odzie\u017c\u0105 z tej szko\u0142y na terenie naszego ogrodu.<\/p>\n<p>Tematem lekcji w ramach przysposobienia do pracy by\u0142o zapoznanie si\u0119 z pracami, kt\u00f3re trzeba wykona\u0107 jesieni\u0105 na ogrodzie. Przy pi\u0119knej pogodzie m\u0142odzie\u017c sp\u0119dzi\u0142a zaplanowan\u0105 lekcj\u0119 na terenie ogrodu dzia\u0142kowego jednocze\u015bnie ucz\u0105c si\u0119 grabienia li\u015bci, zbierania szyszek i \u017co\u0142\u0119dzi oraz rozpoznawania gatunk\u00f3w drzew li\u015bciastych przy pomocy zebranych li\u015bci. By\u0142a to r\u00f3wnie\u017c wspania\u0142a lekcja przyrody.<\/p>\n<p>Na zako\u0144czenie m\u0142odzie\u017c zosta\u0142a pocz\u0119stowana s\u0142odkimi wypiekami i przyj\u0119\u0142a zaproszenie do ponownego odwiedzenia ogrodu na wiosn\u0119 przysz\u0142ego roku.<\/p>\n\n\n\n<ul class=\"wp-block-gallery columns-2 is-cropped wp-block-gallery-1 is-layout-flex wp-block-gallery-is-layout-flex\"><li class=\"blocks-gallery-item\"><figure><img loading=\"lazy\" decoding=\"async\" width=\"1024\" height=\"768\" src=\"https:\/\/rodprzyluskiego.pl\/wp-content\/uploads\/2019\/10\/DSCN3388-1024x768.jpg\" alt=\"\" data-id=\"842\" data-link=\"https:\/\/rodprzyluskiego.pl\/?attachment_id=842\" class=\"wp-image-842\" srcset=\"https:\/\/rodprzyluskiego.pl\/wp-content\/uploads\/2019\/10\/DSCN3388-1024x768.jpg 1024w, https:\/\/rodprzyluskiego.pl\/wp-content\/uploads\/2019\/10\/DSCN3388-300x225.jpg 300w, https:\/\/rodprzyluskiego.pl\/wp-content\/uploads\/2019\/10\/DSCN3388-768x576.jpg 768w, https:\/\/rodprzyluskiego.pl\/wp-content\/uploads\/2019\/10\/DSCN3388-360x270.jpg 360w\" sizes=\"auto, (max-width: 1024px) 100vw, 1024px\" \/><\/figure><\/li><li class=\"blocks-gallery-item\"><figure><img loading=\"lazy\" decoding=\"async\" width=\"1024\" height=\"768\" src=\"https:\/\/rodprzyluskiego.pl\/wp-content\/uploads\/2019\/10\/DSCN3385-1-1024x768.jpg\" alt=\"\" data-id=\"843\" data-link=\"https:\/\/rodprzyluskiego.pl\/?attachment_id=843\" class=\"wp-image-843\" srcset=\"https:\/\/rodprzyluskiego.pl\/wp-content\/uploads\/2019\/10\/DSCN3385-1-1024x768.jpg 1024w, https:\/\/rodprzyluskiego.pl\/wp-content\/uploads\/2019\/10\/DSCN3385-1-300x225.jpg 300w, https:\/\/rodprzyluskiego.pl\/wp-content\/uploads\/2019\/10\/DSCN3385-1-768x576.jpg 768w, https:\/\/rodprzyluskiego.pl\/wp-content\/uploads\/2019\/10\/DSCN3385-1-360x270.jpg 360w\" sizes=\"auto, (max-width: 1024px) 100vw, 1024px\" \/><\/figure><\/li><\/ul>\n","protected":false},"excerpt":{"rendered":"<p>&nbsp; &nbsp; &nbsp; &nbsp; &nbsp;&nbsp; ROD ks. L. Przy\u0142uskiego w dniu 15 pa\u017adziernika 2019r. go\u015bci\u0142 m\u0142odzie\u017c wraz z opiekunkami z Zespo\u0142u Szk\u00f3\u0142 Specjalnych nr 2 z ul. Prze\u0142ajowej w Poznaniu. By\u0142o to ju\u017c kolejne spotkanie z m\u0142odzie\u017c\u0105 z tej szko\u0142y na terenie naszego ogrodu. Tematem lekcji w ramach przysposobienia do pracy by\u0142o zapoznanie si\u0119 z pracami, kt\u00f3re trzeba wykona\u0107 jesieni\u0105 na ogrodzie. Przy pi\u0119knej pogodzie m\u0142odzie\u017c sp\u0119dzi\u0142a zaplanowan\u0105 lekcj\u0119 na terenie ogrodu dzia\u0142kowego jednocze\u015bnie ucz\u0105c si\u0119 grabienia li\u015bci, zbierania szyszek <a class=\"read-more-link\" href=\"https:\/\/rodprzyluskiego.pl\/?p=837\">&#8230; kliknij aby wy\u015bwietli\u0107 pe\u0142n\u0105 tre\u015b\u0107.<\/a><\/p>\n","protected":false},"author":3,"featured_media":0,"comment_status":"closed","ping_status":"closed","sticky":false,"template":"","format":"standard","meta":{"footnotes":""},"categories":[5],"tags":[],"class_list":["post-837","post","type-post","status-publish","format-standard","hentry","category-aktualnosci-rod-przyluskiego"],"_links":{"self":[{"href":"https:\/\/rodprzyluskiego.pl\/index.php?rest_route=\/wp\/v2\/posts\/837","targetHints":{"allow":["GET"]}}],"collection":[{"href":"https:\/\/rodprzyluskiego.pl\/index.php?rest_route=\/wp\/v2\/posts"}],"about":[{"href":"https:\/\/rodprzyluskiego.pl\/index.php?rest_route=\/wp\/v2\/types\/post"}],"author":[{"embeddable":true,"href":"https:\/\/rodprzyluskiego.pl\/index.php?rest_route=\/wp\/v2\/users\/3"}],"replies":[{"embeddable":true,"href":"https:\/\/rodprzyluskiego.pl\/index.php?rest_route=%2Fwp%2Fv2%2Fcomments&post=837"}],"version-history":[{"count":6,"href":"https:\/\/rodprzyluskiego.pl\/index.php?rest_route=\/wp\/v2\/posts\/837\/revisions"}],"predecessor-version":[{"id":852,"href":"https:\/\/rodprzyluskiego.pl\/index.php?rest_route=\/wp\/v2\/posts\/837\/revisions\/852"}],"wp:attachment":[{"href":"https:\/\/rodprzyluskiego.pl\/index.php?rest_route=%2Fwp%2Fv2%2Fmedia&parent=837"}],"wp:term":[{"taxonomy":"category","embeddable":true,"href":"https:\/\/rodprzyluskiego.pl\/index.php?rest_route=%2Fwp%2Fv2%2Fcategories&post=837"},{"taxonomy":"post_tag","embeddable":true,"href":"https:\/\/rodprzyluskiego.pl\/index.php?rest_route=%2Fwp%2Fv2%2Ftags&post=837"}],"curies":[{"name":"wp","href":"https:\/\/api.w.org\/{rel}","templated":true}]}}