{"id":618,"date":"2019-05-21T08:46:46","date_gmt":"2019-05-21T08:46:46","guid":{"rendered":"https:\/\/rodprzyluskiego.pl\/?p=618"},"modified":"2019-05-22T11:50:51","modified_gmt":"2019-05-22T11:50:51","slug":"dzien-dziecka-2019","status":"publish","type":"post","link":"https:\/\/rodprzyluskiego.pl\/?p=618","title":{"rendered":"Dzie\u0144 dziecka 2019"},"content":{"rendered":"\n<p style=\"color:#099355;text-align:center\" class=\"has-text-color has-large-font-size\"><strong>ZAPROSZENIE<\/strong><\/p>\n\n\n\n<p>Serdecznie zapraszamy wszystkie dzieci na plac zabaw w <strong>niedziel\u0119 02 czerwca 2019 na godz. 11:00 <\/strong>na zabaw\u0119 z okazji Dnia Dziecka. <\/p>\n\n\n\n<!--more-->\n\n\n\n<p>W tym roku spotkanie w nowej formie i z nowymi animatorami. B\u0119d\u0105 na Was czeka\u0142y:<\/p>\n\n\n\n<ul class=\"wp-block-list\"><li>Dmuchany zamek i zje\u017cd\u017calnie<\/li><li>Ba\u0144ki mydlane<\/li><li>Malowanie twarzy<\/li><li>Wata cukrowa<\/li><li>Paczki niespodzianki<\/li><li>&#8230; i wiele innych zabaw i gier<\/li><\/ul>\n\n\n\n<p style=\"text-align:center\"><strong>CZEKAMY NA WAS !<\/strong><\/p>\n\n\n\n<p style=\"text-align:center\"><img loading=\"lazy\" decoding=\"async\" width=\"450\" height=\"300\" class=\"wp-image-344\" style=\"width: 450px;\" src=\"https:\/\/rodprzyluskiego.pl\/wp-content\/uploads\/2018\/05\/rod-dzien-dziecka.jpg\" alt=\"\" srcset=\"https:\/\/rodprzyluskiego.pl\/wp-content\/uploads\/2018\/05\/rod-dzien-dziecka.jpg 1068w, https:\/\/rodprzyluskiego.pl\/wp-content\/uploads\/2018\/05\/rod-dzien-dziecka-300x200.jpg 300w, https:\/\/rodprzyluskiego.pl\/wp-content\/uploads\/2018\/05\/rod-dzien-dziecka-768x512.jpg 768w, https:\/\/rodprzyluskiego.pl\/wp-content\/uploads\/2018\/05\/rod-dzien-dziecka-1024x683.jpg 1024w, https:\/\/rodprzyluskiego.pl\/wp-content\/uploads\/2018\/05\/rod-dzien-dziecka-405x270.jpg 405w\" sizes=\"auto, (max-width: 450px) 100vw, 450px\" \/><\/p>\n\n\n\n<p>Zarz\u0105d ROD<\/p>\n","protected":false},"excerpt":{"rendered":"<p>ZAPROSZENIE Serdecznie zapraszamy wszystkie dzieci na plac zabaw w niedziel\u0119 02 czerwca 2019 na godz. 11:00 na zabaw\u0119 z okazji Dnia Dziecka. <a class=\"read-more-link\" href=\"https:\/\/rodprzyluskiego.pl\/?p=618\">&#8230; kliknij aby wy\u015bwietli\u0107 pe\u0142n\u0105 tre\u015b\u0107.<\/a><\/p>\n","protected":false},"author":1,"featured_media":0,"comment_status":"closed","ping_status":"closed","sticky":false,"template":"","format":"standard","meta":{"footnotes":""},"categories":[5],"tags":[],"class_list":["post-618","post","type-post","status-publish","format-standard","hentry","category-aktualnosci-rod-przyluskiego"],"_links":{"self":[{"href":"https:\/\/rodprzyluskiego.pl\/index.php?rest_route=\/wp\/v2\/posts\/618","targetHints":{"allow":["GET"]}}],"collection":[{"href":"https:\/\/rodprzyluskiego.pl\/index.php?rest_route=\/wp\/v2\/posts"}],"about":[{"href":"https:\/\/rodprzyluskiego.pl\/index.php?rest_route=\/wp\/v2\/types\/post"}],"author":[{"embeddable":true,"href":"https:\/\/rodprzyluskiego.pl\/index.php?rest_route=\/wp\/v2\/users\/1"}],"replies":[{"embeddable":true,"href":"https:\/\/rodprzyluskiego.pl\/index.php?rest_route=%2Fwp%2Fv2%2Fcomments&post=618"}],"version-history":[{"count":7,"href":"https:\/\/rodprzyluskiego.pl\/index.php?rest_route=\/wp\/v2\/posts\/618\/revisions"}],"predecessor-version":[{"id":626,"href":"https:\/\/rodprzyluskiego.pl\/index.php?rest_route=\/wp\/v2\/posts\/618\/revisions\/626"}],"wp:attachment":[{"href":"https:\/\/rodprzyluskiego.pl\/index.php?rest_route=%2Fwp%2Fv2%2Fmedia&parent=618"}],"wp:term":[{"taxonomy":"category","embeddable":true,"href":"https:\/\/rodprzyluskiego.pl\/index.php?rest_route=%2Fwp%2Fv2%2Fcategories&post=618"},{"taxonomy":"post_tag","embeddable":true,"href":"https:\/\/rodprzyluskiego.pl\/index.php?rest_route=%2Fwp%2Fv2%2Ftags&post=618"}],"curies":[{"name":"wp","href":"https:\/\/api.w.org\/{rel}","templated":true}]}}