{"id":613,"date":"2019-05-17T11:56:15","date_gmt":"2019-05-17T11:56:15","guid":{"rendered":"https:\/\/rodprzyluskiego.pl\/?p=613"},"modified":"2019-05-20T07:03:00","modified_gmt":"2019-05-20T07:03:00","slug":"wiosenny-przeglad-dzialek-2019","status":"publish","type":"post","link":"https:\/\/rodprzyluskiego.pl\/?p=613","title":{"rendered":"Wiosenny przegl\u0105d dzia\u0142ek 2019"},"content":{"rendered":"\n<p>W najbli\u017csz\u0105 sobot\u0119 <strong>18.05.2019 r. od godz. 10:30<\/strong> odb\u0119dzie si\u0119 pierwszy, wiosenny przegl\u0105d dzia\u0142ek. B\u0119dziemy zwracali uwag\u0119 na zagospodarowanie dzia\u0142ek zgodne z regulaminem. W tym roku zgodnie z wol\u0105 Walnego Zebrania szczeg\u00f3ln\u0105 uwag\u0119 b\u0119dziemy zwracali na kompostowniki. Brak kompostownik\u00f3w powoduje powstawanie du\u017cej ilo\u015bci odpad\u00f3w zielonych, co generuje wysokie koszty zwi\u0105zane z ich wywozem obci\u0105\u017caj\u0105ce wszystkich dzia\u0142kowc\u00f3w.<\/p>\n\n\n\n<p> Apelujemy do wszystkich dzia\u0142kowc\u00f3w o kompostowanie odpad\u00f3w zielonych na swoich dzia\u0142kach. W sk\u0142adzie Komisji Ogrodowej s\u0105 osoby ze Spo\u0142ecznej S\u0142u\u017cby Instruktorskiej, kt\u00f3re s\u0142u\u017c\u0105 pomoc\u0105 w przypadku pyta\u0144 zwi\u0105zanych z budow\u0105 lub utrzymaniem kompostownika. <\/p>\n\n\n\n<p>Komisja Ogrodowa.<\/p>\n","protected":false},"excerpt":{"rendered":"<p>W najbli\u017csz\u0105 sobot\u0119 18.05.2019 r. od godz. 10:30 odb\u0119dzie si\u0119 pierwszy, wiosenny przegl\u0105d dzia\u0142ek. B\u0119dziemy zwracali uwag\u0119 na zagospodarowanie dzia\u0142ek zgodne z regulaminem. W tym roku zgodnie z wol\u0105 Walnego Zebrania szczeg\u00f3ln\u0105 uwag\u0119 b\u0119dziemy zwracali na kompostowniki. Brak kompostownik\u00f3w powoduje powstawanie du\u017cej ilo\u015bci odpad\u00f3w zielonych, co generuje wysokie koszty zwi\u0105zane z ich wywozem obci\u0105\u017caj\u0105ce wszystkich dzia\u0142kowc\u00f3w. Apelujemy do wszystkich dzia\u0142kowc\u00f3w o kompostowanie odpad\u00f3w zielonych na swoich dzia\u0142kach. W sk\u0142adzie Komisji Ogrodowej s\u0105 osoby ze Spo\u0142ecznej S\u0142u\u017cby Instruktorskiej, kt\u00f3re s\u0142u\u017c\u0105 pomoc\u0105 <a class=\"read-more-link\" href=\"https:\/\/rodprzyluskiego.pl\/?p=613\">&#8230; kliknij aby wy\u015bwietli\u0107 pe\u0142n\u0105 tre\u015b\u0107.<\/a><\/p>\n","protected":false},"author":1,"featured_media":0,"comment_status":"closed","ping_status":"closed","sticky":false,"template":"","format":"standard","meta":{"footnotes":""},"categories":[5],"tags":[],"class_list":["post-613","post","type-post","status-publish","format-standard","hentry","category-aktualnosci-rod-przyluskiego"],"_links":{"self":[{"href":"https:\/\/rodprzyluskiego.pl\/index.php?rest_route=\/wp\/v2\/posts\/613","targetHints":{"allow":["GET"]}}],"collection":[{"href":"https:\/\/rodprzyluskiego.pl\/index.php?rest_route=\/wp\/v2\/posts"}],"about":[{"href":"https:\/\/rodprzyluskiego.pl\/index.php?rest_route=\/wp\/v2\/types\/post"}],"author":[{"embeddable":true,"href":"https:\/\/rodprzyluskiego.pl\/index.php?rest_route=\/wp\/v2\/users\/1"}],"replies":[{"embeddable":true,"href":"https:\/\/rodprzyluskiego.pl\/index.php?rest_route=%2Fwp%2Fv2%2Fcomments&post=613"}],"version-history":[{"count":3,"href":"https:\/\/rodprzyluskiego.pl\/index.php?rest_route=\/wp\/v2\/posts\/613\/revisions"}],"predecessor-version":[{"id":617,"href":"https:\/\/rodprzyluskiego.pl\/index.php?rest_route=\/wp\/v2\/posts\/613\/revisions\/617"}],"wp:attachment":[{"href":"https:\/\/rodprzyluskiego.pl\/index.php?rest_route=%2Fwp%2Fv2%2Fmedia&parent=613"}],"wp:term":[{"taxonomy":"category","embeddable":true,"href":"https:\/\/rodprzyluskiego.pl\/index.php?rest_route=%2Fwp%2Fv2%2Fcategories&post=613"},{"taxonomy":"post_tag","embeddable":true,"href":"https:\/\/rodprzyluskiego.pl\/index.php?rest_route=%2Fwp%2Fv2%2Ftags&post=613"}],"curies":[{"name":"wp","href":"https:\/\/api.w.org\/{rel}","templated":true}]}}