{"id":603,"date":"2019-04-10T22:19:03","date_gmt":"2019-04-10T22:19:03","guid":{"rendered":"https:\/\/rodprzyluskiego.pl\/?p=603"},"modified":"2019-04-11T10:21:59","modified_gmt":"2019-04-11T10:21:59","slug":"sprawy-biezace-maj-2019","status":"publish","type":"post","link":"https:\/\/rodprzyluskiego.pl\/?p=603","title":{"rendered":"Sprawy bie\u017c\u0105ce maj 2019"},"content":{"rendered":"\n<h2 class=\"wp-block-heading\">Odp\u0142atno\u015bci za dzia\u0142ki<\/h2>\n\n\n\n<p>Zbieranie odp\u0142atno\u015bci za dzia\u0142k\u0119 odb\u0119dzie si\u0119 w dniach : <strong>11, 18, i 25 maja 2019 w godz. 11:00 &#8211; 13:00<\/strong> lub na konto PKO 05 1020 4027 0000 1502 0412 9094.<br>Wysoko\u015b\u0107 op\u0142at zatwierdzona przez Walne Zebranie dzia\u0142kowc\u00f3w jest umieszczona na stronie <a href=\"https:\/\/rodprzyluskiego.pl\/?page_id=600\">Op\u0142aty 2019.<\/a> <\/p>\n\n\n\n<p>Dok\u0142adna kwota op\u0142at dla poszczeg\u00f3lnych dzia\u0142ek zostanie wywieszona przed 11.05 w gablocie przy \u015bwietlicy dla wszystkich dzia\u0142ek dla kt\u00f3rych podpisane zosta\u0142o upowa\u017cnienie RODO. Dzia\u0142kowcy kt\u00f3rzy upowa\u017cnienia dotychczas nie podpisali mog\u0105 to zrobi\u0107 podczas dowolnego dy\u017curu Zarz\u0105du.<\/p>\n\n\n\n<hr class=\"wp-block-separator\"\/>\n\n\n\n<h2 class=\"wp-block-heading\">Wjazd na teren ROD<\/h2>\n\n\n\n<p>Do <strong>5 maja 2019 <\/strong>bramy wjazdowe otwarte b\u0119d\u0105 codziennie w godz. <strong>8:00 &#8211; 20:00. <\/strong><\/p>\n\n\n\n<p><strong>Od 5 maja do ko\u0144ca wrze\u015bnia <\/strong>wzorem lat ubieg\u0142ych bramy wjazdowe otwarte b\u0119d\u0105 <strong>wy\u0142\u0105cznie we wszystkie czwartki w godz. 8:00 &#8211; 21:00 <\/strong>(za wyj\u0105tkiem 20 czerwca &#8211; Bo\u017ce Cia\u0142o).<\/p>\n\n\n\n<p>Osoby kt\u00f3re b\u0119d\u0105 nocowa\u0142y na dzia\u0142ce <strong>wje\u017cd\u017caj\u0105 na teren ROD o godz. 21.00 a wyje\u017cd\u017caj\u0105 o 8.00 i zostawiaj\u0105 samoch\u00f3d przed dzia\u0142kami.<\/strong><\/p>\n\n\n\n<hr class=\"wp-block-separator\"\/>\n\n\n\n<h2 class=\"wp-block-heading\">Odpady zielone<\/h2>\n\n\n\n<p>Przypominamy o <strong>NIE wrzucaniu do kontenera ca\u0142ych ga\u0142\u0119zi tylko nale\u017cy je poci\u0105\u0107 na mniejsze cz\u0119\u015bci. <\/strong>Kontener jest dla wszystkich a nie dla jednego dzia\u0142kowca. <\/p>\n\n\n\n<p>Zgodnie z decyzj\u0105 Walnego Zebrania Dzia\u0142kowc\u00f3w aby zadanie to u\u0142atwi\u0107, <strong>zakupione zostanie do og\u00f3lnego u\u017cytku urz\u0105dzenie do mielenia ga\u0142\u0119zi<\/strong>, kt\u00f3re ka\u017cdy dzia\u0142kowiec b\u0119dzie m\u00f3g\u0142 wypo\u017cyczy\u0107 bezp\u0142atnie na swoj\u0105 dzia\u0142k\u0119. O dost\u0119pno\u015bci urz\u0105dzenia i zasadach korzystania poinformujemy w osobnym komunikacie. <\/p>\n\n\n\n<p><strong>Pami\u0119tajmy o przycinaniu drzew i\nkrzew\u00f3w aby nie przechodzi\u0142y na alejki. Je\u017celi uszkodz\u0105 przeje\u017cd\u017caj\u0105cy samoch\u00f3d\nwin\u0119 i koszty ponosi dzia\u0142kowiec.<\/strong><\/p>\n\n\n\n<p><br><\/p>\n","protected":false},"excerpt":{"rendered":"<p>Odp\u0142atno\u015bci za dzia\u0142ki Zbieranie odp\u0142atno\u015bci za dzia\u0142k\u0119 odb\u0119dzie si\u0119 w dniach : 11, 18, i 25 maja 2019 w godz. 11:00 &#8211; 13:00 lub na konto PKO 05 1020 4027 0000 1502 0412 9094.Wysoko\u015b\u0107 op\u0142at zatwierdzona przez Walne Zebranie dzia\u0142kowc\u00f3w jest umieszczona na stronie Op\u0142aty 2019. Dok\u0142adna kwota op\u0142at dla poszczeg\u00f3lnych dzia\u0142ek zostanie wywieszona przed 11.05 w gablocie przy \u015bwietlicy dla wszystkich dzia\u0142ek dla kt\u00f3rych podpisane zosta\u0142o upowa\u017cnienie RODO. Dzia\u0142kowcy kt\u00f3rzy upowa\u017cnienia dotychczas nie podpisali mog\u0105 to zrobi\u0107 podczas dowolnego <a class=\"read-more-link\" href=\"https:\/\/rodprzyluskiego.pl\/?p=603\">&#8230; kliknij aby wy\u015bwietli\u0107 pe\u0142n\u0105 tre\u015b\u0107.<\/a><\/p>\n","protected":false},"author":1,"featured_media":0,"comment_status":"closed","ping_status":"closed","sticky":false,"template":"","format":"standard","meta":{"footnotes":""},"categories":[5],"tags":[],"class_list":["post-603","post","type-post","status-publish","format-standard","hentry","category-aktualnosci-rod-przyluskiego"],"_links":{"self":[{"href":"https:\/\/rodprzyluskiego.pl\/index.php?rest_route=\/wp\/v2\/posts\/603","targetHints":{"allow":["GET"]}}],"collection":[{"href":"https:\/\/rodprzyluskiego.pl\/index.php?rest_route=\/wp\/v2\/posts"}],"about":[{"href":"https:\/\/rodprzyluskiego.pl\/index.php?rest_route=\/wp\/v2\/types\/post"}],"author":[{"embeddable":true,"href":"https:\/\/rodprzyluskiego.pl\/index.php?rest_route=\/wp\/v2\/users\/1"}],"replies":[{"embeddable":true,"href":"https:\/\/rodprzyluskiego.pl\/index.php?rest_route=%2Fwp%2Fv2%2Fcomments&post=603"}],"version-history":[{"count":3,"href":"https:\/\/rodprzyluskiego.pl\/index.php?rest_route=\/wp\/v2\/posts\/603\/revisions"}],"predecessor-version":[{"id":606,"href":"https:\/\/rodprzyluskiego.pl\/index.php?rest_route=\/wp\/v2\/posts\/603\/revisions\/606"}],"wp:attachment":[{"href":"https:\/\/rodprzyluskiego.pl\/index.php?rest_route=%2Fwp%2Fv2%2Fmedia&parent=603"}],"wp:term":[{"taxonomy":"category","embeddable":true,"href":"https:\/\/rodprzyluskiego.pl\/index.php?rest_route=%2Fwp%2Fv2%2Fcategories&post=603"},{"taxonomy":"post_tag","embeddable":true,"href":"https:\/\/rodprzyluskiego.pl\/index.php?rest_route=%2Fwp%2Fv2%2Ftags&post=603"}],"curies":[{"name":"wp","href":"https:\/\/api.w.org\/{rel}","templated":true}]}}