{"id":51,"date":"2018-03-11T17:58:06","date_gmt":"2018-03-11T17:58:06","guid":{"rendered":"http:\/\/rodprzyluskiego.pl\/?p=51"},"modified":"2018-11-28T10:47:24","modified_gmt":"2018-11-28T10:47:24","slug":"zaproszenie-na-walne-zebranie-dzialkowcow","status":"publish","type":"post","link":"https:\/\/rodprzyluskiego.pl\/?p=51","title":{"rendered":"Zaproszenie na Walne Zebranie Dzia\u0142kowc\u00f3w"},"content":{"rendered":"<p>Zarz\u0105d ROD serdecznie zaprasza na Walne Zebranie Dzia\u0142kowc\u00f3w naszego ogrodu, kt\u00f3re odb\u0119dzie si\u0119 w \u015bwietlicy na terenie naszego ogrodu w <strong><span style=\"color: #ff0000;\">sobot\u0119 24.03.2018<\/span> :<\/strong><!--more--><\/p>\n<p><strong>I termin: godz. 10:00 <\/strong><\/p>\n<p><strong>II termin: godz. 10:30<\/strong><\/p>\n<p>Materia\u0142y sprawozdawcze Zarz\u0105du ROD b\u0119d\u0105 udost\u0119pnione do wgl\u0105du w biurze ROD im. Ks. L. Przy\u0142uskiego <strong>w dniu 17 marca 2018 od godz. 11:00 do 13:00<\/strong><\/p>\n","protected":false},"excerpt":{"rendered":"<p>Zarz\u0105d ROD serdecznie zaprasza na Walne Zebranie Dzia\u0142kowc\u00f3w naszego ogrodu, kt\u00f3re odb\u0119dzie si\u0119 w \u015bwietlicy na terenie naszego ogrodu w sobot\u0119 24.03.2018 : <a class=\"read-more-link\" href=\"https:\/\/rodprzyluskiego.pl\/?p=51\">&#8230; kliknij aby wy\u015bwietli\u0107 pe\u0142n\u0105 tre\u015b\u0107.<\/a><\/p>\n","protected":false},"author":1,"featured_media":0,"comment_status":"closed","ping_status":"closed","sticky":false,"template":"","format":"standard","meta":{"footnotes":""},"categories":[5],"tags":[],"class_list":["post-51","post","type-post","status-publish","format-standard","hentry","category-aktualnosci-rod-przyluskiego"],"_links":{"self":[{"href":"https:\/\/rodprzyluskiego.pl\/index.php?rest_route=\/wp\/v2\/posts\/51","targetHints":{"allow":["GET"]}}],"collection":[{"href":"https:\/\/rodprzyluskiego.pl\/index.php?rest_route=\/wp\/v2\/posts"}],"about":[{"href":"https:\/\/rodprzyluskiego.pl\/index.php?rest_route=\/wp\/v2\/types\/post"}],"author":[{"embeddable":true,"href":"https:\/\/rodprzyluskiego.pl\/index.php?rest_route=\/wp\/v2\/users\/1"}],"replies":[{"embeddable":true,"href":"https:\/\/rodprzyluskiego.pl\/index.php?rest_route=%2Fwp%2Fv2%2Fcomments&post=51"}],"version-history":[{"count":4,"href":"https:\/\/rodprzyluskiego.pl\/index.php?rest_route=\/wp\/v2\/posts\/51\/revisions"}],"predecessor-version":[{"id":460,"href":"https:\/\/rodprzyluskiego.pl\/index.php?rest_route=\/wp\/v2\/posts\/51\/revisions\/460"}],"wp:attachment":[{"href":"https:\/\/rodprzyluskiego.pl\/index.php?rest_route=%2Fwp%2Fv2%2Fmedia&parent=51"}],"wp:term":[{"taxonomy":"category","embeddable":true,"href":"https:\/\/rodprzyluskiego.pl\/index.php?rest_route=%2Fwp%2Fv2%2Fcategories&post=51"},{"taxonomy":"post_tag","embeddable":true,"href":"https:\/\/rodprzyluskiego.pl\/index.php?rest_route=%2Fwp%2Fv2%2Ftags&post=51"}],"curies":[{"name":"wp","href":"https:\/\/api.w.org\/{rel}","templated":true}]}}