{"id":463,"date":"2018-12-12T18:30:01","date_gmt":"2018-12-12T18:30:01","guid":{"rendered":"https:\/\/rodprzyluskiego.pl\/?p=463"},"modified":"2018-12-12T18:45:46","modified_gmt":"2018-12-12T18:45:46","slug":"relacja-ze-spotkania-szkoleniowego-ssi","status":"publish","type":"post","link":"https:\/\/rodprzyluskiego.pl\/?p=463","title":{"rendered":"Relacja ze spotkania szkoleniowego SSI"},"content":{"rendered":"<div>W dniu 12.12.2018 r. na terenie ROD Mazurek odby\u0142a si\u0119 Szkoleniowa odprawa SSI, w kt\u00f3rej uczestniczyli przedstawiciele zarz\u0105d\u00f3w, komisji rewizyjnych i spo\u0142ecznych instruktor\u00f3w z naszego okr\u0119gu.<\/div>\n<p><!--more--><\/p>\n<div>Tradycyjnie sesj\u0119 zorganizowa\u0142 i poprowadzi\u0142 Krajowy Instruktor SSI pan Mieczys\u0142aw Marek.<\/div>\n<div>Poszczeg\u00f3lne bloki szkolenia poprowadzili:<\/div>\n<ol>\n<li>Pan Prezes OZ dr Zdzis\u0142aw \u015aliwa, kt\u00f3ry om\u00f3wi\u0142 g\u0142\u00f3wne zmiany w regulaminie ROD. Regulamin obowi\u0105zywa\u0142 b\u0119dzie od 01.01.2019r. Pan Prezes\u00a0 zwr\u00f3ci\u0142 r\u00f3wnie\u017c uwag\u0119 na zmiany dotycz\u0105ce stawek op\u0142at za energi\u0119 elektryczn\u0105 czy wyw\u00f3z \u015bmieci, aczkolwiek nie s\u0105 one do ko\u0144ca jeszcze potwierdzone. Wi\u0119cej informacji na te tematy Dzia\u0142kowcy otrzymaj\u0105 podczas walnych zebra\u0144.<\/li>\n<li>Kolejnym prelegentem by\u0142 pan dr Stefan Wolny, kt\u00f3ry ciekawie i wyczerpuj\u0105co m\u00f3wi\u0142 o stosowaniu \u015brodk\u00f3w ochrony ro\u015blin w ogrodach dzia\u0142kowych w celu walki mi\u0119dzy innymi z paso\u017cytami ro\u015blin, tutaj prelegent g\u0142\u00f3wn\u0105 uwag\u0119 skupi\u0142 na nicieniach. Pan dr przedstawi\u0142 tak\u017ce dane Instytutu Ochrony Ro\u015blin w zakresie pozosta\u0142o\u015bci \u015aOR w owocach, warzywach czy nasionach. Wszystkie pr\u00f3bki do bada\u0144 pobrane by\u0142y u polskich producent\u00f3w.<\/li>\n<li>Natomiast pan dr Tomasz Kubala opowiedzia\u0142 o rdzy gruszkowo-ja\u0142owcowej uwzgl\u0119dniaj\u0105c czynniki chorobotw\u00f3rcze, ro\u015bliny \u017cywicielskie oraz zwalczanie.<\/li>\n<\/ol>\n<div>Jak zawsze uczestnicy zadawali mn\u00f3stwo pyta\u0144 tak, \u017ce zako\u0144czenie prelekcji by\u0142o \u017cyw\u0105 dyskusj\u0105.<\/div>\n<div>\u017byczeniami weso\u0142ych \u015awi\u0105t i szcz\u0119\u015bliwego Nowego Roku spotkanie zosta\u0142o zako\u0144czone.<\/div>\n","protected":false},"excerpt":{"rendered":"<p>W dniu 12.12.2018 r. na terenie ROD Mazurek odby\u0142a si\u0119 Szkoleniowa odprawa SSI, w kt\u00f3rej uczestniczyli przedstawiciele zarz\u0105d\u00f3w, komisji rewizyjnych i spo\u0142ecznych instruktor\u00f3w z naszego okr\u0119gu. <a class=\"read-more-link\" href=\"https:\/\/rodprzyluskiego.pl\/?p=463\">&#8230; kliknij aby wy\u015bwietli\u0107 pe\u0142n\u0105 tre\u015b\u0107.<\/a><\/p>\n","protected":false},"author":1,"featured_media":0,"comment_status":"closed","ping_status":"closed","sticky":false,"template":"","format":"standard","meta":{"footnotes":""},"categories":[5],"tags":[],"class_list":["post-463","post","type-post","status-publish","format-standard","hentry","category-aktualnosci-rod-przyluskiego"],"_links":{"self":[{"href":"https:\/\/rodprzyluskiego.pl\/index.php?rest_route=\/wp\/v2\/posts\/463","targetHints":{"allow":["GET"]}}],"collection":[{"href":"https:\/\/rodprzyluskiego.pl\/index.php?rest_route=\/wp\/v2\/posts"}],"about":[{"href":"https:\/\/rodprzyluskiego.pl\/index.php?rest_route=\/wp\/v2\/types\/post"}],"author":[{"embeddable":true,"href":"https:\/\/rodprzyluskiego.pl\/index.php?rest_route=\/wp\/v2\/users\/1"}],"replies":[{"embeddable":true,"href":"https:\/\/rodprzyluskiego.pl\/index.php?rest_route=%2Fwp%2Fv2%2Fcomments&post=463"}],"version-history":[{"count":6,"href":"https:\/\/rodprzyluskiego.pl\/index.php?rest_route=\/wp\/v2\/posts\/463\/revisions"}],"predecessor-version":[{"id":469,"href":"https:\/\/rodprzyluskiego.pl\/index.php?rest_route=\/wp\/v2\/posts\/463\/revisions\/469"}],"wp:attachment":[{"href":"https:\/\/rodprzyluskiego.pl\/index.php?rest_route=%2Fwp%2Fv2%2Fmedia&parent=463"}],"wp:term":[{"taxonomy":"category","embeddable":true,"href":"https:\/\/rodprzyluskiego.pl\/index.php?rest_route=%2Fwp%2Fv2%2Fcategories&post=463"},{"taxonomy":"post_tag","embeddable":true,"href":"https:\/\/rodprzyluskiego.pl\/index.php?rest_route=%2Fwp%2Fv2%2Ftags&post=463"}],"curies":[{"name":"wp","href":"https:\/\/api.w.org\/{rel}","templated":true}]}}