{"id":415,"date":"2018-10-02T19:25:26","date_gmt":"2018-10-02T19:25:26","guid":{"rendered":"https:\/\/rodprzyluskiego.pl\/?p=415"},"modified":"2018-11-28T10:19:11","modified_gmt":"2018-11-28T10:19:11","slug":"zamkniecie-sezonu-2018","status":"publish","type":"post","link":"https:\/\/rodprzyluskiego.pl\/?p=415","title":{"rendered":"Zamkni\u0119cie sezonu 2018"},"content":{"rendered":"<p style=\"text-align: center;\"><span style=\"font-size: 18pt;\">KOMUNIKAT<\/span><\/p>\n<p>1) W dniu 10 listopada zmienione zostan\u0105 k\u0142\u00f3dki przy bramach wjazdowych. Od tego dnia obowi\u0105zuje ca\u0142kowity zakaz wjazdu samochodami na teren ogrodu.<\/p>\n<p><!--more--><\/p>\n<p style=\"text-align: left;\"><strong>2)<\/strong> <strong>Ostateczny termin uregulowania wszystkich zad\u0142u\u017ce\u0144 to 15.10.2018 <a href=\"https:\/\/rodprzyluskiego.pl\/?page_id=2\">(dane do przelewu)<\/a><\/strong><\/p>\n<p>3) Wzorem lat ubieg\u0142ych od dnia 1 do 31 pa\u017adziernika bramy wjazdowe nr 1 i 3 otwarte b\u0119d\u0105 codziennie w godz. 8:00 &#8211; 18:00<\/p>\n<p><span style=\"text-decoration: underline;\"><span style=\"color: #ff0000;\"><strong>4) Zamkni\u0119cie wody na sezon zimowy planujemy w dniu 10.11.2018 o godz. 11:00<\/strong><\/span><\/span><\/p>\n","protected":false},"excerpt":{"rendered":"<p>KOMUNIKAT 1) W dniu 10 listopada zmienione zostan\u0105 k\u0142\u00f3dki przy bramach wjazdowych. Od tego dnia obowi\u0105zuje ca\u0142kowity zakaz wjazdu samochodami na teren ogrodu. <a class=\"read-more-link\" href=\"https:\/\/rodprzyluskiego.pl\/?p=415\">&#8230; kliknij aby wy\u015bwietli\u0107 pe\u0142n\u0105 tre\u015b\u0107.<\/a><\/p>\n","protected":false},"author":1,"featured_media":0,"comment_status":"closed","ping_status":"closed","sticky":false,"template":"","format":"standard","meta":{"footnotes":""},"categories":[5],"tags":[],"class_list":["post-415","post","type-post","status-publish","format-standard","hentry","category-aktualnosci-rod-przyluskiego"],"_links":{"self":[{"href":"https:\/\/rodprzyluskiego.pl\/index.php?rest_route=\/wp\/v2\/posts\/415","targetHints":{"allow":["GET"]}}],"collection":[{"href":"https:\/\/rodprzyluskiego.pl\/index.php?rest_route=\/wp\/v2\/posts"}],"about":[{"href":"https:\/\/rodprzyluskiego.pl\/index.php?rest_route=\/wp\/v2\/types\/post"}],"author":[{"embeddable":true,"href":"https:\/\/rodprzyluskiego.pl\/index.php?rest_route=\/wp\/v2\/users\/1"}],"replies":[{"embeddable":true,"href":"https:\/\/rodprzyluskiego.pl\/index.php?rest_route=%2Fwp%2Fv2%2Fcomments&post=415"}],"version-history":[{"count":5,"href":"https:\/\/rodprzyluskiego.pl\/index.php?rest_route=\/wp\/v2\/posts\/415\/revisions"}],"predecessor-version":[{"id":454,"href":"https:\/\/rodprzyluskiego.pl\/index.php?rest_route=\/wp\/v2\/posts\/415\/revisions\/454"}],"wp:attachment":[{"href":"https:\/\/rodprzyluskiego.pl\/index.php?rest_route=%2Fwp%2Fv2%2Fmedia&parent=415"}],"wp:term":[{"taxonomy":"category","embeddable":true,"href":"https:\/\/rodprzyluskiego.pl\/index.php?rest_route=%2Fwp%2Fv2%2Fcategories&post=415"},{"taxonomy":"post_tag","embeddable":true,"href":"https:\/\/rodprzyluskiego.pl\/index.php?rest_route=%2Fwp%2Fv2%2Ftags&post=415"}],"curies":[{"name":"wp","href":"https:\/\/api.w.org\/{rel}","templated":true}]}}