{"id":411,"date":"2018-10-02T20:16:41","date_gmt":"2018-10-02T20:16:41","guid":{"rendered":"https:\/\/rodprzyluskiego.pl\/?p=411"},"modified":"2018-11-28T10:12:08","modified_gmt":"2018-11-28T10:12:08","slug":"dzialkowe-zaduszki-i-swieto-niepodleglosci","status":"publish","type":"post","link":"https:\/\/rodprzyluskiego.pl\/?p=411","title":{"rendered":"Dzia\u0142kowe zaduszki i \u015bwi\u0119to niepodleg\u0142o\u015bci"},"content":{"rendered":"<p style=\"text-align: center;\">ZARZ\u0104D R.O.D\u00a0 im.ks. Przy\u0142uskiego oraz Komisja Polityki Spo\u0142ecznej<\/p>\n<p style=\"text-align: center;\"><span style=\"color: #000000; font-size: 18pt;\"><strong>Zapraszaj\u0105 dzia\u0142kowc\u00f3w i ich sympatyk\u00f3w na<\/strong><\/span><\/p>\n<p style=\"text-align: center;\"><strong><em>corocznie organizowany wiecz\u00f3r poezji pt.<br \/>\n<\/em><\/strong><\/p>\n<p style=\"text-align: center;\"><span style=\"font-size: 18pt; color: #008000;\"><strong>&#8222;DZIA\u0141KOWE ZADUSZKI I \u015aWI\u0118TO NIEPODLEG\u0141O\u015aCI&#8221;<\/strong><\/span><\/p>\n<p><!--more--><\/p>\n<p style=\"text-align: center;\">Spotkanie odb\u0119dzie si\u0119 w \u015bwietlicy naszego ROD w dniu <span style=\"text-decoration: underline; color: #993366; font-size: 14pt;\"><strong>8 listopada 2018 o godz. 16:00<\/strong><\/span><\/p>\n<p style=\"text-align: center;\">Zapraszamy do sp\u0119dzenia mi\u0142ego popo\u0142udnia przy muzyce i poezji.<\/p>\n<p style=\"text-align: center;\"><a href=\"https:\/\/rodprzyluskiego.pl\/wp-content\/uploads\/2018\/10\/zaduszki.jpg\"><img loading=\"lazy\" decoding=\"async\" class=\"alignnone wp-image-412\" src=\"https:\/\/rodprzyluskiego.pl\/wp-content\/uploads\/2018\/10\/zaduszki-300x171.jpg\" alt=\"\" width=\"364\" height=\"208\" srcset=\"https:\/\/rodprzyluskiego.pl\/wp-content\/uploads\/2018\/10\/zaduszki-300x171.jpg 300w, https:\/\/rodprzyluskiego.pl\/wp-content\/uploads\/2018\/10\/zaduszki-768x438.jpg 768w, https:\/\/rodprzyluskiego.pl\/wp-content\/uploads\/2018\/10\/zaduszki-1024x585.jpg 1024w, https:\/\/rodprzyluskiego.pl\/wp-content\/uploads\/2018\/10\/zaduszki-473x270.jpg 473w, https:\/\/rodprzyluskiego.pl\/wp-content\/uploads\/2018\/10\/zaduszki.jpg 1312w\" sizes=\"auto, (max-width: 364px) 100vw, 364px\" \/><\/a><\/p>\n","protected":false},"excerpt":{"rendered":"<p>ZARZ\u0104D R.O.D\u00a0 im.ks. Przy\u0142uskiego oraz Komisja Polityki Spo\u0142ecznej Zapraszaj\u0105 dzia\u0142kowc\u00f3w i ich sympatyk\u00f3w na corocznie organizowany wiecz\u00f3r poezji pt. &#8222;DZIA\u0141KOWE ZADUSZKI I \u015aWI\u0118TO NIEPODLEG\u0141O\u015aCI&#8221; <a class=\"read-more-link\" href=\"https:\/\/rodprzyluskiego.pl\/?p=411\">&#8230; kliknij aby wy\u015bwietli\u0107 pe\u0142n\u0105 tre\u015b\u0107.<\/a><\/p>\n","protected":false},"author":1,"featured_media":0,"comment_status":"closed","ping_status":"closed","sticky":false,"template":"","format":"standard","meta":{"footnotes":""},"categories":[5],"tags":[],"class_list":["post-411","post","type-post","status-publish","format-standard","hentry","category-aktualnosci-rod-przyluskiego"],"_links":{"self":[{"href":"https:\/\/rodprzyluskiego.pl\/index.php?rest_route=\/wp\/v2\/posts\/411","targetHints":{"allow":["GET"]}}],"collection":[{"href":"https:\/\/rodprzyluskiego.pl\/index.php?rest_route=\/wp\/v2\/posts"}],"about":[{"href":"https:\/\/rodprzyluskiego.pl\/index.php?rest_route=\/wp\/v2\/types\/post"}],"author":[{"embeddable":true,"href":"https:\/\/rodprzyluskiego.pl\/index.php?rest_route=\/wp\/v2\/users\/1"}],"replies":[{"embeddable":true,"href":"https:\/\/rodprzyluskiego.pl\/index.php?rest_route=%2Fwp%2Fv2%2Fcomments&post=411"}],"version-history":[{"count":4,"href":"https:\/\/rodprzyluskiego.pl\/index.php?rest_route=\/wp\/v2\/posts\/411\/revisions"}],"predecessor-version":[{"id":446,"href":"https:\/\/rodprzyluskiego.pl\/index.php?rest_route=\/wp\/v2\/posts\/411\/revisions\/446"}],"wp:attachment":[{"href":"https:\/\/rodprzyluskiego.pl\/index.php?rest_route=%2Fwp%2Fv2%2Fmedia&parent=411"}],"wp:term":[{"taxonomy":"category","embeddable":true,"href":"https:\/\/rodprzyluskiego.pl\/index.php?rest_route=%2Fwp%2Fv2%2Fcategories&post=411"},{"taxonomy":"post_tag","embeddable":true,"href":"https:\/\/rodprzyluskiego.pl\/index.php?rest_route=%2Fwp%2Fv2%2Ftags&post=411"}],"curies":[{"name":"wp","href":"https:\/\/api.w.org\/{rel}","templated":true}]}}