{"id":387,"date":"2018-07-25T18:23:36","date_gmt":"2018-07-25T18:23:36","guid":{"rendered":"https:\/\/rodprzyluskiego.pl\/?p=387"},"modified":"2018-11-28T10:13:57","modified_gmt":"2018-11-28T10:13:57","slug":"zaproszenie-na-85-lecie-ogrodu","status":"publish","type":"post","link":"https:\/\/rodprzyluskiego.pl\/?p=387","title":{"rendered":"Zaproszenie na 85-lecie ogrodu"},"content":{"rendered":"<p>&nbsp;<\/p>\n<p style=\"text-align: center;\"><span style=\"text-decoration: underline;\">ZARZ\u0104D R.O.D\u00a0 im.ks. Przy\u0142uskiego<\/span><\/p>\n<p style=\"text-align: center;\"><span style=\"color: #339966;\"><span style=\"font-size: 18pt;\"><strong>Zaprasza na obchody<\/strong><\/span><br \/>\n<\/span><\/p>\n<p style=\"text-align: center;\"><span style=\"font-size: 18pt;\"><strong><em>85 lecia naszego ROD<\/em><\/strong><\/span><\/p>\n<p><!--more--><\/p>\n<p style=\"text-align: center;\"><strong>W dniu <span style=\"text-decoration: underline;\">11.08.2018<\/span> &#8211; <\/strong><strong>\u015aWIETLICA<\/strong><\/p>\n<p><strong>PLAN SPOTKANIA:<\/strong><\/p>\n<ul>\n<li><strong>godz. 14:oo\u00a0 msza \u015bw.<\/strong><\/li>\n<li><strong>godz. 15:30 rozpocz\u0119cie uroczysto\u015bci<\/strong><\/li>\n<\/ul>\n<p><strong>\u00a0\u00a0 \u00a0\u00a0\u00a0\u00a0\u00a0\u00a0\u00a0\u00a0\u00a0\u00a0\u00a0\u00a0\u00a0\u00a0\u00a0\u00a0\u00a0\u00a0\u00a0\u00a0\u00a0\u00a0odznaczenia, dyplomy,<\/strong><br \/>\n<strong>\u00a0\u00a0\u00a0\u00a0\u00a0\u00a0\u00a0\u00a0\u00a0\u00a0\u00a0\u00a0\u00a0\u00a0\u00a0\u00a0\u00a0\u00a0\u00a0\u00a0\u00a0\u00a0\u00a0\u00a0 konkursy na najlepsze <\/strong><strong>pieczywo i nalewk\u0119,<\/strong><br \/>\n<strong>\u00a0\u00a0\u00a0\u00a0\u00a0\u00a0 \u00a0\u00a0\u00a0\u00a0\u00a0\u00a0\u00a0\u00a0\u00a0\u00a0\u00a0\u00a0\u00a0\u00a0\u00a0\u00a0\u00a0\u00a0wsp\u00f3lny pocz\u0119stunek<\/strong><\/p>\n<ul>\n<li><strong>godz. 17:00\u00a0 koncert muzyczny<\/strong><\/li>\n<li><strong>godz. 19:30\u00a0 zabawa z DJ<\/strong><\/li>\n<\/ul>\n<p><strong>\u00a0<\/strong><\/p>\n<p><strong>Zarz\u0105d ROD<\/strong><\/p>\n","protected":false},"excerpt":{"rendered":"<p>&nbsp; ZARZ\u0104D R.O.D\u00a0 im.ks. Przy\u0142uskiego Zaprasza na obchody 85 lecia naszego ROD <a class=\"read-more-link\" href=\"https:\/\/rodprzyluskiego.pl\/?p=387\">&#8230; kliknij aby wy\u015bwietli\u0107 pe\u0142n\u0105 tre\u015b\u0107.<\/a><\/p>\n","protected":false},"author":1,"featured_media":0,"comment_status":"closed","ping_status":"closed","sticky":false,"template":"","format":"standard","meta":{"footnotes":""},"categories":[5],"tags":[],"class_list":["post-387","post","type-post","status-publish","format-standard","hentry","category-aktualnosci-rod-przyluskiego"],"_links":{"self":[{"href":"https:\/\/rodprzyluskiego.pl\/index.php?rest_route=\/wp\/v2\/posts\/387","targetHints":{"allow":["GET"]}}],"collection":[{"href":"https:\/\/rodprzyluskiego.pl\/index.php?rest_route=\/wp\/v2\/posts"}],"about":[{"href":"https:\/\/rodprzyluskiego.pl\/index.php?rest_route=\/wp\/v2\/types\/post"}],"author":[{"embeddable":true,"href":"https:\/\/rodprzyluskiego.pl\/index.php?rest_route=\/wp\/v2\/users\/1"}],"replies":[{"embeddable":true,"href":"https:\/\/rodprzyluskiego.pl\/index.php?rest_route=%2Fwp%2Fv2%2Fcomments&post=387"}],"version-history":[{"count":6,"href":"https:\/\/rodprzyluskiego.pl\/index.php?rest_route=\/wp\/v2\/posts\/387\/revisions"}],"predecessor-version":[{"id":449,"href":"https:\/\/rodprzyluskiego.pl\/index.php?rest_route=\/wp\/v2\/posts\/387\/revisions\/449"}],"wp:attachment":[{"href":"https:\/\/rodprzyluskiego.pl\/index.php?rest_route=%2Fwp%2Fv2%2Fmedia&parent=387"}],"wp:term":[{"taxonomy":"category","embeddable":true,"href":"https:\/\/rodprzyluskiego.pl\/index.php?rest_route=%2Fwp%2Fv2%2Fcategories&post=387"},{"taxonomy":"post_tag","embeddable":true,"href":"https:\/\/rodprzyluskiego.pl\/index.php?rest_route=%2Fwp%2Fv2%2Ftags&post=387"}],"curies":[{"name":"wp","href":"https:\/\/api.w.org\/{rel}","templated":true}]}}