{"id":385,"date":"2018-07-23T18:11:52","date_gmt":"2018-07-23T18:11:52","guid":{"rendered":"https:\/\/rodprzyluskiego.pl\/?p=385"},"modified":"2018-11-28T10:14:04","modified_gmt":"2018-11-28T10:14:04","slug":"letni-przeglad-dzialek-2018","status":"publish","type":"post","link":"https:\/\/rodprzyluskiego.pl\/?p=385","title":{"rendered":"Letni przegl\u0105d dzia\u0142ek 2018"},"content":{"rendered":"<p><strong>Drodzy Dzia\u0142kowcy,<\/strong><\/p>\n<p>W sobot\u0119 dn. <strong>28.07.2018 r. od godz. 10:00<\/strong> odb\u0119dzie si\u0119 drugi, letni przegl\u0105d dzia\u0142ek.<\/p>\n<p><!--more--><\/p>\n<p>B\u0119dziemy zwracali uwag\u0119 na zagospodarowanie dzia\u0142ek zgodne z regulaminem, w tym w szczeg\u00f3lno\u015bci na kompostowniki i przyci\u0119cia drzew.<\/p>\n<p>W sk\u0142adzie Komisji Ogrodowej s\u0105 tak\u017ce osoby ze Spo\u0142ecznej S\u0142u\u017cby Instruktorskiej, dlatego planowany przegl\u0105d b\u0119dzie Pa\u0144stwa dobr\u0105 okazja do skorzystania z porad instruktor\u00f3w. Zapraszamy do zadawania pyta\u0144.<\/p>\n<p>Komisja Ogrodowa<\/p>\n","protected":false},"excerpt":{"rendered":"<p>Drodzy Dzia\u0142kowcy, W sobot\u0119 dn. 28.07.2018 r. od godz. 10:00 odb\u0119dzie si\u0119 drugi, letni przegl\u0105d dzia\u0142ek. <a class=\"read-more-link\" href=\"https:\/\/rodprzyluskiego.pl\/?p=385\">&#8230; kliknij aby wy\u015bwietli\u0107 pe\u0142n\u0105 tre\u015b\u0107.<\/a><\/p>\n","protected":false},"author":1,"featured_media":0,"comment_status":"closed","ping_status":"closed","sticky":false,"template":"","format":"standard","meta":{"footnotes":""},"categories":[5],"tags":[],"class_list":["post-385","post","type-post","status-publish","format-standard","hentry","category-aktualnosci-rod-przyluskiego"],"_links":{"self":[{"href":"https:\/\/rodprzyluskiego.pl\/index.php?rest_route=\/wp\/v2\/posts\/385","targetHints":{"allow":["GET"]}}],"collection":[{"href":"https:\/\/rodprzyluskiego.pl\/index.php?rest_route=\/wp\/v2\/posts"}],"about":[{"href":"https:\/\/rodprzyluskiego.pl\/index.php?rest_route=\/wp\/v2\/types\/post"}],"author":[{"embeddable":true,"href":"https:\/\/rodprzyluskiego.pl\/index.php?rest_route=\/wp\/v2\/users\/1"}],"replies":[{"embeddable":true,"href":"https:\/\/rodprzyluskiego.pl\/index.php?rest_route=%2Fwp%2Fv2%2Fcomments&post=385"}],"version-history":[{"count":3,"href":"https:\/\/rodprzyluskiego.pl\/index.php?rest_route=\/wp\/v2\/posts\/385\/revisions"}],"predecessor-version":[{"id":450,"href":"https:\/\/rodprzyluskiego.pl\/index.php?rest_route=\/wp\/v2\/posts\/385\/revisions\/450"}],"wp:attachment":[{"href":"https:\/\/rodprzyluskiego.pl\/index.php?rest_route=%2Fwp%2Fv2%2Fmedia&parent=385"}],"wp:term":[{"taxonomy":"category","embeddable":true,"href":"https:\/\/rodprzyluskiego.pl\/index.php?rest_route=%2Fwp%2Fv2%2Fcategories&post=385"},{"taxonomy":"post_tag","embeddable":true,"href":"https:\/\/rodprzyluskiego.pl\/index.php?rest_route=%2Fwp%2Fv2%2Ftags&post=385"}],"curies":[{"name":"wp","href":"https:\/\/api.w.org\/{rel}","templated":true}]}}