{"id":301,"date":"2018-05-06T10:46:14","date_gmt":"2018-05-06T10:46:14","guid":{"rendered":"http:\/\/rodprzyluskiego.pl\/?p=301"},"modified":"2019-03-19T22:04:48","modified_gmt":"2019-03-19T22:04:48","slug":"dzien-dziecka-2018","status":"publish","type":"post","link":"https:\/\/rodprzyluskiego.pl\/?p=301","title":{"rendered":"DZIE\u0143 DZIECKA 2018"},"content":{"rendered":"<p style=\"text-align: center;\"><strong>10 czerwca 2018 o godz.15.00 (niedziela)\u00a0<\/strong> na naszym ogrodzie odb\u0119dzie si\u0119 coroczna zabawa dla naszych milusi\u0144skich.<\/p>\n<p style=\"text-align: center;\">Zapraszamy bardzo serdecznie wszystkie dzieci na \u015bwietn\u0105 zabaw\u0119 z DJ wiele atrakcji i moc niespodzianek.<\/p>\n<p><!--more--><\/p>\n<p><a href=\"https:\/\/rodprzyluskiego.pl\/wp-content\/uploads\/2018\/05\/rod-dzien-dziecka.jpg\"><img loading=\"lazy\" decoding=\"async\" class=\"aligncenter wp-image-344\" src=\"http:\/\/rodprzyluskiego.pl\/wp-content\/uploads\/2018\/05\/rod-dzien-dziecka-1024x683.jpg\" alt=\"\" width=\"500\" height=\"333\" srcset=\"https:\/\/rodprzyluskiego.pl\/wp-content\/uploads\/2018\/05\/rod-dzien-dziecka-1024x683.jpg 1024w, https:\/\/rodprzyluskiego.pl\/wp-content\/uploads\/2018\/05\/rod-dzien-dziecka-300x200.jpg 300w, https:\/\/rodprzyluskiego.pl\/wp-content\/uploads\/2018\/05\/rod-dzien-dziecka-768x512.jpg 768w, https:\/\/rodprzyluskiego.pl\/wp-content\/uploads\/2018\/05\/rod-dzien-dziecka-405x270.jpg 405w, https:\/\/rodprzyluskiego.pl\/wp-content\/uploads\/2018\/05\/rod-dzien-dziecka.jpg 1068w\" sizes=\"auto, (max-width: 500px) 100vw, 500px\" \/><\/a><\/p>\n<p>&nbsp;<\/p>\n","protected":false},"excerpt":{"rendered":"<p>10 czerwca 2018 o godz.15.00 (niedziela)\u00a0 na naszym ogrodzie odb\u0119dzie si\u0119 coroczna zabawa dla naszych milusi\u0144skich. Zapraszamy bardzo serdecznie wszystkie dzieci na \u015bwietn\u0105 zabaw\u0119 z DJ wiele atrakcji i moc niespodzianek. <a class=\"read-more-link\" href=\"https:\/\/rodprzyluskiego.pl\/?p=301\">&#8230; kliknij aby wy\u015bwietli\u0107 pe\u0142n\u0105 tre\u015b\u0107.<\/a><\/p>\n","protected":false},"author":2,"featured_media":0,"comment_status":"closed","ping_status":"closed","sticky":false,"template":"","format":"standard","meta":{"footnotes":""},"categories":[5],"tags":[],"class_list":["post-301","post","type-post","status-publish","format-standard","hentry","category-aktualnosci-rod-przyluskiego"],"_links":{"self":[{"href":"https:\/\/rodprzyluskiego.pl\/index.php?rest_route=\/wp\/v2\/posts\/301","targetHints":{"allow":["GET"]}}],"collection":[{"href":"https:\/\/rodprzyluskiego.pl\/index.php?rest_route=\/wp\/v2\/posts"}],"about":[{"href":"https:\/\/rodprzyluskiego.pl\/index.php?rest_route=\/wp\/v2\/types\/post"}],"author":[{"embeddable":true,"href":"https:\/\/rodprzyluskiego.pl\/index.php?rest_route=\/wp\/v2\/users\/2"}],"replies":[{"embeddable":true,"href":"https:\/\/rodprzyluskiego.pl\/index.php?rest_route=%2Fwp%2Fv2%2Fcomments&post=301"}],"version-history":[{"count":10,"href":"https:\/\/rodprzyluskiego.pl\/index.php?rest_route=\/wp\/v2\/posts\/301\/revisions"}],"predecessor-version":[{"id":453,"href":"https:\/\/rodprzyluskiego.pl\/index.php?rest_route=\/wp\/v2\/posts\/301\/revisions\/453"}],"wp:attachment":[{"href":"https:\/\/rodprzyluskiego.pl\/index.php?rest_route=%2Fwp%2Fv2%2Fmedia&parent=301"}],"wp:term":[{"taxonomy":"category","embeddable":true,"href":"https:\/\/rodprzyluskiego.pl\/index.php?rest_route=%2Fwp%2Fv2%2Fcategories&post=301"},{"taxonomy":"post_tag","embeddable":true,"href":"https:\/\/rodprzyluskiego.pl\/index.php?rest_route=%2Fwp%2Fv2%2Ftags&post=301"}],"curies":[{"name":"wp","href":"https:\/\/api.w.org\/{rel}","templated":true}]}}