{"id":2097,"date":"2026-03-06T22:20:39","date_gmt":"2026-03-06T22:20:39","guid":{"rendered":"https:\/\/rodprzyluskiego.pl\/?p=2097"},"modified":"2026-03-06T22:20:39","modified_gmt":"2026-03-06T22:20:39","slug":"konferencja-miejskie-ogrodnictwo","status":"publish","type":"post","link":"https:\/\/rodprzyluskiego.pl\/?p=2097","title":{"rendered":"Konferencja Miejskie Ogrodnictwo"},"content":{"rendered":"<p>Szanowni Dzia\u0142kowcy,<\/p>\n<p>Uniwersytet Przyrodniczy w Poznaniu 5 marca 2026 r. zorganizowa\u0142 otwart\u0105 konferencj\u0119 \u201eMiejskie ogrodnictwo. Przestrze\u0144, spo\u0142eczno\u015b\u0107, zr\u00f3wnowa\u017cony rozw\u00f3j\u201d ,relacja z konferencji\u00a0 <a href=\"http:\/\/www.poznan.pzd.pl\/content.php?body=article&amp;name=instruktorzy-ssi-na-konferencji&amp;lang=pl\">TUTAJ<\/a><\/p>\n<p>k.w.<\/p>\n","protected":false},"excerpt":{"rendered":"<p>Szanowni Dzia\u0142kowcy, Uniwersytet Przyrodniczy w Poznaniu 5 marca 2026 r. zorganizowa\u0142 otwart\u0105 konferencj\u0119 \u201eMiejskie ogrodnictwo. Przestrze\u0144, spo\u0142eczno\u015b\u0107, zr\u00f3wnowa\u017cony rozw\u00f3j\u201d ,relacja z konferencji\u00a0 TUTAJ k.w.<\/p>\n","protected":false},"author":3,"featured_media":0,"comment_status":"closed","ping_status":"closed","sticky":false,"template":"","format":"standard","meta":{"footnotes":""},"categories":[9],"tags":[],"class_list":["post-2097","post","type-post","status-publish","format-standard","hentry","category-porady-ssi"],"_links":{"self":[{"href":"https:\/\/rodprzyluskiego.pl\/index.php?rest_route=\/wp\/v2\/posts\/2097","targetHints":{"allow":["GET"]}}],"collection":[{"href":"https:\/\/rodprzyluskiego.pl\/index.php?rest_route=\/wp\/v2\/posts"}],"about":[{"href":"https:\/\/rodprzyluskiego.pl\/index.php?rest_route=\/wp\/v2\/types\/post"}],"author":[{"embeddable":true,"href":"https:\/\/rodprzyluskiego.pl\/index.php?rest_route=\/wp\/v2\/users\/3"}],"replies":[{"embeddable":true,"href":"https:\/\/rodprzyluskiego.pl\/index.php?rest_route=%2Fwp%2Fv2%2Fcomments&post=2097"}],"version-history":[{"count":2,"href":"https:\/\/rodprzyluskiego.pl\/index.php?rest_route=\/wp\/v2\/posts\/2097\/revisions"}],"predecessor-version":[{"id":2099,"href":"https:\/\/rodprzyluskiego.pl\/index.php?rest_route=\/wp\/v2\/posts\/2097\/revisions\/2099"}],"wp:attachment":[{"href":"https:\/\/rodprzyluskiego.pl\/index.php?rest_route=%2Fwp%2Fv2%2Fmedia&parent=2097"}],"wp:term":[{"taxonomy":"category","embeddable":true,"href":"https:\/\/rodprzyluskiego.pl\/index.php?rest_route=%2Fwp%2Fv2%2Fcategories&post=2097"},{"taxonomy":"post_tag","embeddable":true,"href":"https:\/\/rodprzyluskiego.pl\/index.php?rest_route=%2Fwp%2Fv2%2Ftags&post=2097"}],"curies":[{"name":"wp","href":"https:\/\/api.w.org\/{rel}","templated":true}]}}