{"id":1625,"date":"2023-04-04T20:36:43","date_gmt":"2023-04-04T20:36:43","guid":{"rendered":"https:\/\/rodprzyluskiego.pl\/?p=1625"},"modified":"2023-04-04T20:36:43","modified_gmt":"2023-04-04T20:36:43","slug":"wielkanoc-2023","status":"publish","type":"post","link":"https:\/\/rodprzyluskiego.pl\/?p=1625","title":{"rendered":"Wielkanoc 2023"},"content":{"rendered":"<p><a href=\"https:\/\/rodprzyluskiego.pl\/wp-content\/uploads\/2023\/04\/Wielkanoc-2023.jpg\"><img loading=\"lazy\" decoding=\"async\" class=\"size-medium wp-image-1629 aligncenter\" src=\"https:\/\/rodprzyluskiego.pl\/wp-content\/uploads\/2023\/04\/Wielkanoc-2023-300x150.jpg\" alt=\"\" width=\"300\" height=\"150\" srcset=\"https:\/\/rodprzyluskiego.pl\/wp-content\/uploads\/2023\/04\/Wielkanoc-2023-300x150.jpg 300w, https:\/\/rodprzyluskiego.pl\/wp-content\/uploads\/2023\/04\/Wielkanoc-2023.jpg 318w\" sizes=\"auto, (max-width: 300px) 100vw, 300px\" \/><\/a><\/p>\n<p><span style=\"font-family: comic sans ms, sans-serif; color: #008000;\">Drodzy Dzia\u0142kowcy,<\/span><\/p>\n<p><span style=\"font-family: comic sans ms, sans-serif; color: #008000;\">z okazji \u015awi\u0105t Wielkanocnych<\/span><br \/>\n<span style=\"font-family: comic sans ms, sans-serif; color: #008000;\">\u017cyczymy Wam wiosny, wiosny i jeszcze raz wiosny!<\/span><br \/>\n<span style=\"font-family: comic sans ms, sans-serif; color: #008000;\">P\u0119kaj\u0105cych na drzewach p\u0105k\u00f3w,<\/span><br \/>\n<span style=\"font-family: comic sans ms, sans-serif; color: #008000;\">ziemi, kt\u00f3ra zaczyna pachnie\u0107 i s\u0142o\u0144ca, kt\u00f3re nie tylko \u015bwieci, ale wreszcie<\/span><br \/>\n<span style=\"font-family: comic sans ms, sans-serif; color: #008000;\">tak\u017ce grzeje.<\/span><br \/>\n<span style=\"font-family: comic sans ms, sans-serif; color: #008000;\">\u017byczymy Wam wiosny w \u017cyciu codziennym, rodzinnym, w pracy,<\/span><br \/>\n<span style=\"font-family: comic sans ms, sans-serif; color: #008000;\">na naszych dzia\u0142kach, ale przede wszystkim \u017cyczymy Wam wiosny w sercu.<\/span><\/p>\n<p><span style=\"font-family: comic sans ms, sans-serif; color: #008000;\">Zdrowych, pogodnych \u015awi\u0105t Wielkanocnych, pe\u0142nych wiary, nadziei i mi\u0142o\u015bci.<\/span><br \/>\n<span style=\"font-family: comic sans ms, sans-serif; color: #008000;\">Radosnego, wiosennego nastroju, serdecznych spotka\u0144 w gronie rodziny i w\u015br\u00f3d przyjaci\u00f3\u0142.<\/span><\/p>\n<p><span style=\"font-family: comic sans ms, sans-serif; color: #008000;\">\u017byczy Zarz\u0105d ROD<\/span><\/p>\n","protected":false},"excerpt":{"rendered":"<p>Drodzy Dzia\u0142kowcy, z okazji \u015awi\u0105t Wielkanocnych \u017cyczymy Wam wiosny, wiosny i jeszcze raz wiosny! P\u0119kaj\u0105cych na drzewach p\u0105k\u00f3w, ziemi, kt\u00f3ra zaczyna pachnie\u0107 i s\u0142o\u0144ca, kt\u00f3re nie tylko \u015bwieci, ale wreszcie tak\u017ce grzeje. \u017byczymy Wam wiosny w \u017cyciu codziennym, rodzinnym, w pracy, na naszych dzia\u0142kach, ale przede wszystkim \u017cyczymy Wam wiosny w sercu. Zdrowych, pogodnych \u015awi\u0105t Wielkanocnych, pe\u0142nych wiary, nadziei i mi\u0142o\u015bci. Radosnego, wiosennego nastroju, serdecznych spotka\u0144 w gronie rodziny i w\u015br\u00f3d przyjaci\u00f3\u0142. \u017byczy Zarz\u0105d ROD<\/p>\n","protected":false},"author":3,"featured_media":0,"comment_status":"closed","ping_status":"closed","sticky":false,"template":"","format":"standard","meta":{"footnotes":""},"categories":[5],"tags":[],"class_list":["post-1625","post","type-post","status-publish","format-standard","hentry","category-aktualnosci-rod-przyluskiego"],"_links":{"self":[{"href":"https:\/\/rodprzyluskiego.pl\/index.php?rest_route=\/wp\/v2\/posts\/1625","targetHints":{"allow":["GET"]}}],"collection":[{"href":"https:\/\/rodprzyluskiego.pl\/index.php?rest_route=\/wp\/v2\/posts"}],"about":[{"href":"https:\/\/rodprzyluskiego.pl\/index.php?rest_route=\/wp\/v2\/types\/post"}],"author":[{"embeddable":true,"href":"https:\/\/rodprzyluskiego.pl\/index.php?rest_route=\/wp\/v2\/users\/3"}],"replies":[{"embeddable":true,"href":"https:\/\/rodprzyluskiego.pl\/index.php?rest_route=%2Fwp%2Fv2%2Fcomments&post=1625"}],"version-history":[{"count":4,"href":"https:\/\/rodprzyluskiego.pl\/index.php?rest_route=\/wp\/v2\/posts\/1625\/revisions"}],"predecessor-version":[{"id":1631,"href":"https:\/\/rodprzyluskiego.pl\/index.php?rest_route=\/wp\/v2\/posts\/1625\/revisions\/1631"}],"wp:attachment":[{"href":"https:\/\/rodprzyluskiego.pl\/index.php?rest_route=%2Fwp%2Fv2%2Fmedia&parent=1625"}],"wp:term":[{"taxonomy":"category","embeddable":true,"href":"https:\/\/rodprzyluskiego.pl\/index.php?rest_route=%2Fwp%2Fv2%2Fcategories&post=1625"},{"taxonomy":"post_tag","embeddable":true,"href":"https:\/\/rodprzyluskiego.pl\/index.php?rest_route=%2Fwp%2Fv2%2Ftags&post=1625"}],"curies":[{"name":"wp","href":"https:\/\/api.w.org\/{rel}","templated":true}]}}