{"id":1373,"date":"2022-05-15T18:25:30","date_gmt":"2022-05-15T18:25:30","guid":{"rendered":"https:\/\/rodprzyluskiego.pl\/?p=1373"},"modified":"2022-05-19T08:46:10","modified_gmt":"2022-05-19T08:46:10","slug":"obowiazek-zgloszenia-zrodel-ciepla-na-rod","status":"publish","type":"post","link":"https:\/\/rodprzyluskiego.pl\/?p=1373","title":{"rendered":"Obowi\u0105zek zg\u0142oszenia \u017ar\u00f3de\u0142 ciep\u0142a na ROD"},"content":{"rendered":"<p>Przypominamy i\u017c zgodnie z obowi\u0105zuj\u0105cymi od 2021 przepisani <strong>ka\u017cdy dzia\u0142kowiec ma obowi\u0105zek indywidualnie zg\u0142osi\u0107 eksploatowane na swojej dzia\u0142ce \u017ar\u00f3d\u0142a ciep\u0142a<\/strong> do Centralnej Ewidencji Emisyjno\u015bci Budynk\u00f3w (https:\/\/ceeb.gov.pl).<\/p>\n<p><!--more--><\/p>\n<ul>\n<li>\u017ar\u00f3d\u0142a ciep\u0142a <strong>uruchomione przed 1 lipca 2021<\/strong> &#8211; nale\u017cy <strong>zg\u0142osi\u0107 do 30 czerwca 2022<\/strong><\/li>\n<li>\u017ar\u00f3d\u0142a ciep\u0142a <strong>uruchomione po 1 lipca 2021<\/strong> &#8211; nale\u017cy<strong><a href=\"https:\/\/ceeb.gov.pl\"> zg\u0142osi\u0107 w ci\u0105gu 14 dni<\/a> <\/strong>od uruchomienia<\/li>\n<\/ul>\n<p>Najwygodniejsz\u0105 i najszybsz\u0105 form\u0105 przekazania deklaracji jest jej z\u0142o\u017cenie przez stron\u0119 internetow\u0105 <a href=\"https:\/\/ceeb.gov.pl\">https:\/\/ceeb.gov.pl<\/a><\/p>\n<p>Wersj\u0119 papierow\u0105 nale\u017cy z\u0142o\u017cy\u0107 w Urz\u0119dzie Miasta (osobi\u015bcie lub listownie).<\/p>\n<p>Wzory deklaracji papierowych oraz <strong>instrukcje wype\u0142nienia wniosku<\/strong> papierowego oraz elektronicznego mo\u017cna znale\u017a\u0107 na stronie <a href=\"https:\/\/www.gunb.gov.pl\/strona\/centralna-ewidencja-emisyjnosci-budynkow\">https:\/\/www.gunb.gov.pl\/strona\/centralna-ewidencja-emisyjnosci-budynkow<\/a><\/p>\n<p>Za\u0142\u0105czamy tak\u017ce <a href=\"https:\/\/rodprzyluskiego.pl\/wp-content\/uploads\/2022\/05\/Komunikat-PZD-ws-zrodel-ciepla.pdf\">Komunikat Krajowego Zarz\u0105du PZD ws \u017ar\u00f3de\u0142 ciep\u0142a<\/a><\/p>\n<p><span style=\"text-decoration: underline;\">Niedope\u0142nienie obowi\u0105zku zg\u0142oszenia zagro\u017cone jest kar\u0105 grzywny stosownie do Art. 27h. &#8211; Ustawy o wspieraniu termomodernizacji i remont\u00f3w oraz o centralnej ewidencji emisyjno\u015bci budynk\u00f3w.<\/span><\/p>\n<p><a href=\"https:\/\/rodprzyluskiego.pl\/wp-content\/uploads\/2022\/05\/ceeb_w_pigulce_ulotka_a5.jpg\"><img loading=\"lazy\" decoding=\"async\" class=\"aligncenter size-large wp-image-1375\" src=\"https:\/\/rodprzyluskiego.pl\/wp-content\/uploads\/2022\/05\/ceeb_w_pigulce_ulotka_a5-719x1024.jpg\" alt=\"\" width=\"640\" height=\"911\" srcset=\"https:\/\/rodprzyluskiego.pl\/wp-content\/uploads\/2022\/05\/ceeb_w_pigulce_ulotka_a5-719x1024.jpg 719w, https:\/\/rodprzyluskiego.pl\/wp-content\/uploads\/2022\/05\/ceeb_w_pigulce_ulotka_a5-211x300.jpg 211w, https:\/\/rodprzyluskiego.pl\/wp-content\/uploads\/2022\/05\/ceeb_w_pigulce_ulotka_a5-768x1093.jpg 768w, https:\/\/rodprzyluskiego.pl\/wp-content\/uploads\/2022\/05\/ceeb_w_pigulce_ulotka_a5-190x270.jpg 190w, https:\/\/rodprzyluskiego.pl\/wp-content\/uploads\/2022\/05\/ceeb_w_pigulce_ulotka_a5.jpg 843w\" sizes=\"auto, (max-width: 640px) 100vw, 640px\" \/><\/a><\/p>\n<p>Zarz\u0105d ROD<\/p>\n","protected":false},"excerpt":{"rendered":"<p>Przypominamy i\u017c zgodnie z obowi\u0105zuj\u0105cymi od 2021 przepisani ka\u017cdy dzia\u0142kowiec ma obowi\u0105zek indywidualnie zg\u0142osi\u0107 eksploatowane na swojej dzia\u0142ce \u017ar\u00f3d\u0142a ciep\u0142a do Centralnej Ewidencji Emisyjno\u015bci Budynk\u00f3w (https:\/\/ceeb.gov.pl). <a class=\"read-more-link\" href=\"https:\/\/rodprzyluskiego.pl\/?p=1373\">&#8230; kliknij aby wy\u015bwietli\u0107 pe\u0142n\u0105 tre\u015b\u0107.<\/a><\/p>\n","protected":false},"author":1,"featured_media":0,"comment_status":"closed","ping_status":"closed","sticky":false,"template":"","format":"standard","meta":{"footnotes":""},"categories":[5],"tags":[],"class_list":["post-1373","post","type-post","status-publish","format-standard","hentry","category-aktualnosci-rod-przyluskiego"],"_links":{"self":[{"href":"https:\/\/rodprzyluskiego.pl\/index.php?rest_route=\/wp\/v2\/posts\/1373","targetHints":{"allow":["GET"]}}],"collection":[{"href":"https:\/\/rodprzyluskiego.pl\/index.php?rest_route=\/wp\/v2\/posts"}],"about":[{"href":"https:\/\/rodprzyluskiego.pl\/index.php?rest_route=\/wp\/v2\/types\/post"}],"author":[{"embeddable":true,"href":"https:\/\/rodprzyluskiego.pl\/index.php?rest_route=\/wp\/v2\/users\/1"}],"replies":[{"embeddable":true,"href":"https:\/\/rodprzyluskiego.pl\/index.php?rest_route=%2Fwp%2Fv2%2Fcomments&post=1373"}],"version-history":[{"count":6,"href":"https:\/\/rodprzyluskiego.pl\/index.php?rest_route=\/wp\/v2\/posts\/1373\/revisions"}],"predecessor-version":[{"id":1382,"href":"https:\/\/rodprzyluskiego.pl\/index.php?rest_route=\/wp\/v2\/posts\/1373\/revisions\/1382"}],"wp:attachment":[{"href":"https:\/\/rodprzyluskiego.pl\/index.php?rest_route=%2Fwp%2Fv2%2Fmedia&parent=1373"}],"wp:term":[{"taxonomy":"category","embeddable":true,"href":"https:\/\/rodprzyluskiego.pl\/index.php?rest_route=%2Fwp%2Fv2%2Fcategories&post=1373"},{"taxonomy":"post_tag","embeddable":true,"href":"https:\/\/rodprzyluskiego.pl\/index.php?rest_route=%2Fwp%2Fv2%2Ftags&post=1373"}],"curies":[{"name":"wp","href":"https:\/\/api.w.org\/{rel}","templated":true}]}}