{"id":1366,"date":"2022-04-24T22:27:44","date_gmt":"2022-04-24T22:27:44","guid":{"rendered":"https:\/\/rodprzyluskiego.pl\/?p=1366"},"modified":"2022-04-24T22:30:22","modified_gmt":"2022-04-24T22:30:22","slug":"walne-zebranie-2022","status":"publish","type":"post","link":"https:\/\/rodprzyluskiego.pl\/?p=1366","title":{"rendered":"Walne Zebranie 2022"},"content":{"rendered":"\r\n<p style=\"text-align: center;\">Walne zebranie dzia\u0142kowc\u00f3w naszego ogrodu zaplanowane zosta\u0142o w tym roku na <strong>sobot\u0119, 14.05.2021 w \u015bwietlicy (Dom Dzia\u0142kowca). <\/strong>Pocz\u0105tek obrad <strong>w I terminie godz. 9:30<\/strong>, <strong>w II terminie godz. 10:00. <\/strong><\/p>\r\n<p><!--more--><\/p>\r\n<p>1) Zgodnie z \u00a7 62 ust. 1 statutu PZD uchwa\u0142y zebra\u0144 odbytych w drugim terminie, co najmniej p\u00f3\u0142 godziny po wyznaczonej godzinie rozpocz\u0119cia w pierwszym terminie, s\u0105 wa\u017cne bez wzgl\u0119du na liczb\u0119 cz\u0142onk\u00f3w zwyczajnych PZD obecnych na tym zebraniu.<\/p>\r\n<p>2) Przepis dotycz\u0105cy II terminu nie ma zastosowania dla konfederacji delegat\u00f3w.<\/p>\r\n<p>3) Zgodnie z \u00a7 56 ust. 2 statutu PZD prawo udzia\u0142u w walnym zebraniu ma wy\u0142\u0105cznie cz\u0142onek zwyczajowy PZD w danym ROD i wykluczone jest zast\u0119pstwo lub dzia\u0142anie przez pe\u0142nomocnik\u00f3w. Ka\u017cdy cz\u0142onek PZD zaproszony na walne zebranie musi mie\u0107\u00a0 ze sob\u0105 dow\u00f3d to\u017csamo\u015bci, kt\u00f3ry mo\u017ce by\u0107 sprawdzany przy podpisywaniu listy obecno\u015bci.<\/p>\r\n<p>&nbsp;<\/p>\r\n<p><strong>PROPONOWANY PORZ\u0104DEK OBRAD<\/strong><\/p>\r\n<p><strong>\u00a0<\/strong><\/p>\r\n<ol>\r\n<li>Otwarcie zebrania.<\/li>\r\n<li>Wyb\u00f3r Przewodnicz\u0105cego i Prezydium zebrania . Wyznaczenie protokolanta.<\/li>\r\n<li>Zatwierdzenie regulaminu walnego zebrania sprawozdawczego.<\/li>\r\n<li>Zatwierdzenie porz\u0105dku obrad.<\/li>\r\n<li>Wyb\u00f3r Komisji Mandatowej, Komisji Uchwa\u0142 i Wniosk\u00f3w.<\/li>\r\n<li>Sprawozdanie Zarz\u0105du ROD z dzia\u0142alno\u015bci za 2021 r. (merytoryczne i finansowe).<\/li>\r\n<li>Sprawozdanie Komisji Mandatowej.<\/li>\r\n<li>Sprawozdanie Komisji Rewizyjnej ROD za 2021 r.<\/li>\r\n<li>Ocena dzia\u0142alno\u015bci Zarz\u0105du ROD za 2021 r. przez Komisj\u0119 Rewizyjn\u0105 ROD wraz z wnioskami.<\/li>\r\n<li>Dyskusja<\/li>\r\n<li>Sprawozdanie Komisji Uchwa\u0142 i Wniosk\u00f3w, przedstawienie projekt\u00f3w uchwa\u0142 i g\u0142osowania w sprawach:<br \/>11.1. Zatwierdzenia sprawozdania z dzia\u0142alno\u015bci Zarz\u0105du ROD za 2021 r.<br \/>11.2. Zatwierdzenia sprawozdania finansowego za 2021 r.<br \/>11.3. Zatwierdzenia sprawozdania z dzia\u0142alno\u015bci Komisji Rewizyjnej ROD w 2021 r.<\/li>\r\n<li>Projekt planu pracy na 2022 r.<\/li>\r\n<li>Projekt preliminarzy finansowych ROD na 2022 r.<\/li>\r\n<li>Ocena preliminarza finansowego ROD na 2022 r. przez Komisj\u0119 Rewizyjn\u0105 ROD.<\/li>\r\n<li>Dyskusja.<\/li>\r\n<li>Sprawozdanie Komisji Uchwa\u0142 i Wniosk\u00f3w, przedstawienie projekt\u00f3w uchwa\u0142 i g\u0142osowania w sprawach:<br \/>16.1. Uchwalenie op\u0142at ogrodowych i terminu ich wnoszenia w 2022 r.<br \/>16.2. Uchwalenie realizacji zadania inwestycyjnego (remontowego), w tym partycypacji finansowej dzia\u0142kowc\u00f3w.<br \/>16.3. Uchwalenie innych uchwa\u0142 dotycz\u0105cych dzia\u0142alno\u015bci ogrodu.<br \/>16.4. Uchwalenie planu pracy na 2022 r.<br \/>16.5. Uchwalenie preliminarza finansowego na 2022 r.<\/li>\r\n<li>Sprawy r\u00f3\u017cne.<\/li>\r\n<li>Zako\u0144czenie obrad.<br \/><br \/><\/li>\r\n<\/ol>\r\n<p>Materia\u0142y sprawozdawcze dost\u0119pne s\u0105 do <strong>wgl\u0105du w biurze ROD\u00a0 w dniu 06-05-2022 <\/strong>w godzinach od 16:00 do 18:00 oraz <strong>07.05.2022r.\u00a0<\/strong> w godz.: od 11:00 do 13:00<\/p>\r\n<p>&nbsp;<\/p>\r\n<p>Zarz\u0105d ROD<\/p>\r\n","protected":false},"excerpt":{"rendered":"<p>Walne zebranie dzia\u0142kowc\u00f3w naszego ogrodu zaplanowane zosta\u0142o w tym roku na sobot\u0119, 14.05.2021 w \u015bwietlicy (Dom Dzia\u0142kowca). Pocz\u0105tek obrad w I terminie godz. 9:30, w II terminie godz. 10:00. <a class=\"read-more-link\" href=\"https:\/\/rodprzyluskiego.pl\/?p=1366\">&#8230; kliknij aby wy\u015bwietli\u0107 pe\u0142n\u0105 tre\u015b\u0107.<\/a><\/p>\n","protected":false},"author":1,"featured_media":0,"comment_status":"closed","ping_status":"closed","sticky":false,"template":"","format":"standard","meta":{"footnotes":""},"categories":[5],"tags":[],"class_list":["post-1366","post","type-post","status-publish","format-standard","hentry","category-aktualnosci-rod-przyluskiego"],"_links":{"self":[{"href":"https:\/\/rodprzyluskiego.pl\/index.php?rest_route=\/wp\/v2\/posts\/1366","targetHints":{"allow":["GET"]}}],"collection":[{"href":"https:\/\/rodprzyluskiego.pl\/index.php?rest_route=\/wp\/v2\/posts"}],"about":[{"href":"https:\/\/rodprzyluskiego.pl\/index.php?rest_route=\/wp\/v2\/types\/post"}],"author":[{"embeddable":true,"href":"https:\/\/rodprzyluskiego.pl\/index.php?rest_route=\/wp\/v2\/users\/1"}],"replies":[{"embeddable":true,"href":"https:\/\/rodprzyluskiego.pl\/index.php?rest_route=%2Fwp%2Fv2%2Fcomments&post=1366"}],"version-history":[{"count":4,"href":"https:\/\/rodprzyluskiego.pl\/index.php?rest_route=\/wp\/v2\/posts\/1366\/revisions"}],"predecessor-version":[{"id":1371,"href":"https:\/\/rodprzyluskiego.pl\/index.php?rest_route=\/wp\/v2\/posts\/1366\/revisions\/1371"}],"wp:attachment":[{"href":"https:\/\/rodprzyluskiego.pl\/index.php?rest_route=%2Fwp%2Fv2%2Fmedia&parent=1366"}],"wp:term":[{"taxonomy":"category","embeddable":true,"href":"https:\/\/rodprzyluskiego.pl\/index.php?rest_route=%2Fwp%2Fv2%2Fcategories&post=1366"},{"taxonomy":"post_tag","embeddable":true,"href":"https:\/\/rodprzyluskiego.pl\/index.php?rest_route=%2Fwp%2Fv2%2Ftags&post=1366"}],"curies":[{"name":"wp","href":"https:\/\/api.w.org\/{rel}","templated":true}]}}