{"id":1297,"date":"2021-07-30T19:50:29","date_gmt":"2021-07-30T19:50:29","guid":{"rendered":"https:\/\/rodprzyluskiego.pl\/?p=1297"},"modified":"2021-07-31T19:51:19","modified_gmt":"2021-07-31T19:51:19","slug":"walne-zebranie-2021-zawiadomienie","status":"publish","type":"post","link":"https:\/\/rodprzyluskiego.pl\/?p=1297","title":{"rendered":"Walne Zebranie 2021 &#8211; zawiadomienie"},"content":{"rendered":"\r\n<p style=\"text-align: center;\">Walne zebranie dzia\u0142kowc\u00f3w naszego ogrodu zaplanowane zosta\u0142o na <strong>sobot\u0119, 14.08.2021 na placu <\/strong>na terenie naszego ogrodu, za budynkiem domu dzia\u0142kowca. Pocz\u0105tek obrad <strong>w I terminie godz. 10:00<\/strong>, <strong>w II terminie godz. 10:30. <\/strong><\/p>\r\n<p style=\"text-align: center;\"><strong>W przypadku deszczu zebranie odb\u0119dzie si\u0119 21 sierpnia 2021 w tych samych godzinach<\/strong>.<\/p>\r\n<p><!--more--><\/p>\r\n<p style=\"text-align: center;\">Materia\u0142y sprawozdawcze Zarz\u0105du ROD b\u0119d\u0105 udost\u0119pnione do wgl\u0105du w biurze ROD w dniu: 6 sierpnia 2021 w godzinach 17:00 &#8211; 20:00 oraz 7 sierpnia 2021 w godzinach 10:00 &#8211; 13:00<\/p>\r\n<p style=\"text-align: center;\"><span style=\"text-decoration: underline;\">Ka\u017cdy cz\u0142onek PZD zaproszony na walne zebranie musi mie\u0107 ze sob\u0105 maseczk\u0119 sanitarn\u0105 oraz dow\u00f3d to\u017csamo\u015bci.<\/span><\/p>\r\n<hr \/>\r\n<p style=\"text-align: left;\">Szczeg\u00f3\u0142y zawiadomienia i porz\u0105dek obrad znajduj\u0105 si\u0119 poni\u017cej:<\/p>\r\n<p><a href=\"https:\/\/rodprzyluskiego.pl\/wp-content\/uploads\/2021\/07\/walne-zebranie-2021.jpg\"><img loading=\"lazy\" decoding=\"async\" class=\"size-medium wp-image-1298 alignleft\" src=\"https:\/\/rodprzyluskiego.pl\/wp-content\/uploads\/2021\/07\/walne-zebranie-2021-300x283.jpg\" alt=\"\" width=\"300\" height=\"283\" srcset=\"https:\/\/rodprzyluskiego.pl\/wp-content\/uploads\/2021\/07\/walne-zebranie-2021-300x283.jpg 300w, https:\/\/rodprzyluskiego.pl\/wp-content\/uploads\/2021\/07\/walne-zebranie-2021-1024x965.jpg 1024w, https:\/\/rodprzyluskiego.pl\/wp-content\/uploads\/2021\/07\/walne-zebranie-2021-768x724.jpg 768w, https:\/\/rodprzyluskiego.pl\/wp-content\/uploads\/2021\/07\/walne-zebranie-2021-286x270.jpg 286w, https:\/\/rodprzyluskiego.pl\/wp-content\/uploads\/2021\/07\/walne-zebranie-2021.jpg 1133w\" sizes=\"auto, (max-width: 300px) 100vw, 300px\" \/><\/a><\/p>\r\n<p>&nbsp;<\/p>\r\n","protected":false},"excerpt":{"rendered":"<p>Walne zebranie dzia\u0142kowc\u00f3w naszego ogrodu zaplanowane zosta\u0142o na sobot\u0119, 14.08.2021 na placu na terenie naszego ogrodu, za budynkiem domu dzia\u0142kowca. Pocz\u0105tek obrad w I terminie godz. 10:00, w II terminie godz. 10:30. W przypadku deszczu zebranie odb\u0119dzie si\u0119 21 sierpnia 2021 w tych samych godzinach. <a class=\"read-more-link\" href=\"https:\/\/rodprzyluskiego.pl\/?p=1297\">&#8230; kliknij aby wy\u015bwietli\u0107 pe\u0142n\u0105 tre\u015b\u0107.<\/a><\/p>\n","protected":false},"author":1,"featured_media":0,"comment_status":"closed","ping_status":"closed","sticky":false,"template":"","format":"standard","meta":{"footnotes":""},"categories":[5],"tags":[],"class_list":["post-1297","post","type-post","status-publish","format-standard","hentry","category-aktualnosci-rod-przyluskiego"],"_links":{"self":[{"href":"https:\/\/rodprzyluskiego.pl\/index.php?rest_route=\/wp\/v2\/posts\/1297","targetHints":{"allow":["GET"]}}],"collection":[{"href":"https:\/\/rodprzyluskiego.pl\/index.php?rest_route=\/wp\/v2\/posts"}],"about":[{"href":"https:\/\/rodprzyluskiego.pl\/index.php?rest_route=\/wp\/v2\/types\/post"}],"author":[{"embeddable":true,"href":"https:\/\/rodprzyluskiego.pl\/index.php?rest_route=\/wp\/v2\/users\/1"}],"replies":[{"embeddable":true,"href":"https:\/\/rodprzyluskiego.pl\/index.php?rest_route=%2Fwp%2Fv2%2Fcomments&post=1297"}],"version-history":[{"count":2,"href":"https:\/\/rodprzyluskiego.pl\/index.php?rest_route=\/wp\/v2\/posts\/1297\/revisions"}],"predecessor-version":[{"id":1300,"href":"https:\/\/rodprzyluskiego.pl\/index.php?rest_route=\/wp\/v2\/posts\/1297\/revisions\/1300"}],"wp:attachment":[{"href":"https:\/\/rodprzyluskiego.pl\/index.php?rest_route=%2Fwp%2Fv2%2Fmedia&parent=1297"}],"wp:term":[{"taxonomy":"category","embeddable":true,"href":"https:\/\/rodprzyluskiego.pl\/index.php?rest_route=%2Fwp%2Fv2%2Fcategories&post=1297"},{"taxonomy":"post_tag","embeddable":true,"href":"https:\/\/rodprzyluskiego.pl\/index.php?rest_route=%2Fwp%2Fv2%2Ftags&post=1297"}],"curies":[{"name":"wp","href":"https:\/\/api.w.org\/{rel}","templated":true}]}}