{"id":1121,"date":"2021-05-06T21:57:27","date_gmt":"2021-05-06T21:57:27","guid":{"rendered":"https:\/\/rodprzyluskiego.pl\/?p=1121"},"modified":"2021-05-22T20:13:23","modified_gmt":"2021-05-22T20:13:23","slug":"komunikat-krajowego-zarzadu-pzd-z-dnia-6-maja-2021-r-w-sprawie-jubileuszu-40-lecia-pzd","status":"publish","type":"post","link":"https:\/\/rodprzyluskiego.pl\/?p=1121","title":{"rendered":"KOMUNIKAT Krajowego Zarz\u0105du PZD z dnia 6 maja 2021 r. w sprawie Jubileuszu 40-lecia PZD"},"content":{"rendered":"<p>Zach\u0119camy do zapoznania si\u0119 z komunikatem Krajowego Zarz\u0105du PZD z dnia 6 maja 2021 r. w sprawie Jubileuszu 40-lecia PZD <!--more--><a href=\"http:\/\/pzd.pl\/artykuly\/25253\/188\/KOMUNIKAT-Krajowego-Zarzadu-PZD-z-dnia-6-maja-2021-r-w-sprawie-Jubileuszu-40-lecia-PZD.html\" target=\"_blank\" rel=\"noopener\">CZYTAJ KOMUNIKAT<\/a><\/p>\n","protected":false},"excerpt":{"rendered":"<p>Zach\u0119camy do zapoznania si\u0119 z komunikatem Krajowego Zarz\u0105du PZD z dnia 6 maja 2021 r. w sprawie Jubileuszu 40-lecia PZD <a class=\"read-more-link\" href=\"https:\/\/rodprzyluskiego.pl\/?p=1121\">&#8230; kliknij aby wy\u015bwietli\u0107 pe\u0142n\u0105 tre\u015b\u0107.<\/a><\/p>\n","protected":false},"author":1,"featured_media":0,"comment_status":"closed","ping_status":"closed","sticky":false,"template":"","format":"standard","meta":{"footnotes":""},"categories":[5],"tags":[],"class_list":["post-1121","post","type-post","status-publish","format-standard","hentry","category-aktualnosci-rod-przyluskiego"],"_links":{"self":[{"href":"https:\/\/rodprzyluskiego.pl\/index.php?rest_route=\/wp\/v2\/posts\/1121","targetHints":{"allow":["GET"]}}],"collection":[{"href":"https:\/\/rodprzyluskiego.pl\/index.php?rest_route=\/wp\/v2\/posts"}],"about":[{"href":"https:\/\/rodprzyluskiego.pl\/index.php?rest_route=\/wp\/v2\/types\/post"}],"author":[{"embeddable":true,"href":"https:\/\/rodprzyluskiego.pl\/index.php?rest_route=\/wp\/v2\/users\/1"}],"replies":[{"embeddable":true,"href":"https:\/\/rodprzyluskiego.pl\/index.php?rest_route=%2Fwp%2Fv2%2Fcomments&post=1121"}],"version-history":[{"count":3,"href":"https:\/\/rodprzyluskiego.pl\/index.php?rest_route=\/wp\/v2\/posts\/1121\/revisions"}],"predecessor-version":[{"id":1140,"href":"https:\/\/rodprzyluskiego.pl\/index.php?rest_route=\/wp\/v2\/posts\/1121\/revisions\/1140"}],"wp:attachment":[{"href":"https:\/\/rodprzyluskiego.pl\/index.php?rest_route=%2Fwp%2Fv2%2Fmedia&parent=1121"}],"wp:term":[{"taxonomy":"category","embeddable":true,"href":"https:\/\/rodprzyluskiego.pl\/index.php?rest_route=%2Fwp%2Fv2%2Fcategories&post=1121"},{"taxonomy":"post_tag","embeddable":true,"href":"https:\/\/rodprzyluskiego.pl\/index.php?rest_route=%2Fwp%2Fv2%2Ftags&post=1121"}],"curies":[{"name":"wp","href":"https:\/\/api.w.org\/{rel}","templated":true}]}}