{"id":1093,"date":"2021-03-15T20:07:30","date_gmt":"2021-03-15T20:07:30","guid":{"rendered":"https:\/\/rodprzyluskiego.pl\/?p=1093"},"modified":"2021-03-15T20:09:24","modified_gmt":"2021-03-15T20:09:24","slug":"zyczenia-wielkanoc-2021","status":"publish","type":"post","link":"https:\/\/rodprzyluskiego.pl\/?p=1093","title":{"rendered":"\u017byczenia Wielkanoc 2021"},"content":{"rendered":"<p style=\"text-align: center;\">\u017byczenia dla wszystkich naszych dzia\u0142kowc\u00f3w i ich rodzin<\/p>\n<p><!--more--><a href=\"https:\/\/rodprzyluskiego.pl\/wp-content\/uploads\/2021\/03\/zyczenia-wielkanoc-2021.jpg\"><img loading=\"lazy\" decoding=\"async\" class=\"aligncenter wp-image-1094 size-large\" src=\"https:\/\/rodprzyluskiego.pl\/wp-content\/uploads\/2021\/03\/zyczenia-wielkanoc-2021-697x1024.jpg\" alt=\"\" width=\"640\" height=\"940\" srcset=\"https:\/\/rodprzyluskiego.pl\/wp-content\/uploads\/2021\/03\/zyczenia-wielkanoc-2021-697x1024.jpg 697w, https:\/\/rodprzyluskiego.pl\/wp-content\/uploads\/2021\/03\/zyczenia-wielkanoc-2021-204x300.jpg 204w, https:\/\/rodprzyluskiego.pl\/wp-content\/uploads\/2021\/03\/zyczenia-wielkanoc-2021-768x1129.jpg 768w, https:\/\/rodprzyluskiego.pl\/wp-content\/uploads\/2021\/03\/zyczenia-wielkanoc-2021-184x270.jpg 184w, https:\/\/rodprzyluskiego.pl\/wp-content\/uploads\/2021\/03\/zyczenia-wielkanoc-2021.jpg 819w\" sizes=\"auto, (max-width: 640px) 100vw, 640px\" \/><\/a><\/p>\n","protected":false},"excerpt":{"rendered":"<p>\u017byczenia dla wszystkich naszych dzia\u0142kowc\u00f3w i ich rodzin <a class=\"read-more-link\" href=\"https:\/\/rodprzyluskiego.pl\/?p=1093\">&#8230; kliknij aby wy\u015bwietli\u0107 pe\u0142n\u0105 tre\u015b\u0107.<\/a><\/p>\n","protected":false},"author":1,"featured_media":0,"comment_status":"closed","ping_status":"closed","sticky":false,"template":"","format":"standard","meta":{"footnotes":""},"categories":[5],"tags":[],"class_list":["post-1093","post","type-post","status-publish","format-standard","hentry","category-aktualnosci-rod-przyluskiego"],"_links":{"self":[{"href":"https:\/\/rodprzyluskiego.pl\/index.php?rest_route=\/wp\/v2\/posts\/1093","targetHints":{"allow":["GET"]}}],"collection":[{"href":"https:\/\/rodprzyluskiego.pl\/index.php?rest_route=\/wp\/v2\/posts"}],"about":[{"href":"https:\/\/rodprzyluskiego.pl\/index.php?rest_route=\/wp\/v2\/types\/post"}],"author":[{"embeddable":true,"href":"https:\/\/rodprzyluskiego.pl\/index.php?rest_route=\/wp\/v2\/users\/1"}],"replies":[{"embeddable":true,"href":"https:\/\/rodprzyluskiego.pl\/index.php?rest_route=%2Fwp%2Fv2%2Fcomments&post=1093"}],"version-history":[{"count":3,"href":"https:\/\/rodprzyluskiego.pl\/index.php?rest_route=\/wp\/v2\/posts\/1093\/revisions"}],"predecessor-version":[{"id":1097,"href":"https:\/\/rodprzyluskiego.pl\/index.php?rest_route=\/wp\/v2\/posts\/1093\/revisions\/1097"}],"wp:attachment":[{"href":"https:\/\/rodprzyluskiego.pl\/index.php?rest_route=%2Fwp%2Fv2%2Fmedia&parent=1093"}],"wp:term":[{"taxonomy":"category","embeddable":true,"href":"https:\/\/rodprzyluskiego.pl\/index.php?rest_route=%2Fwp%2Fv2%2Fcategories&post=1093"},{"taxonomy":"post_tag","embeddable":true,"href":"https:\/\/rodprzyluskiego.pl\/index.php?rest_route=%2Fwp%2Fv2%2Ftags&post=1093"}],"curies":[{"name":"wp","href":"https:\/\/api.w.org\/{rel}","templated":true}]}}