{"id":1026,"date":"2020-08-19T16:36:20","date_gmt":"2020-08-19T16:36:20","guid":{"rendered":"https:\/\/rodprzyluskiego.pl\/?p=1026"},"modified":"2020-08-19T16:37:23","modified_gmt":"2020-08-19T16:37:23","slug":"komisaryczne-walne-zebranie-rod-2020","status":"publish","type":"post","link":"https:\/\/rodprzyluskiego.pl\/?p=1026","title":{"rendered":"Komisaryczne Walne Zebranie ROD 2020"},"content":{"rendered":"\r\n\r\n\r\n<p>Na podstawie uchwa\u0142y nr 4\/IV\/20 z dnia 25.06.20 Krajowej Rady Polskiego Zwi\u0105zku Dzia\u0142kowc\u00f3w sprawie odbywania walnych zebra\u0144 w ROD w warunkach spowodowanych przez zagro\u017cenia epidemiologiczne zarz\u0105d ROD ks. L. Przy\u0142uskiego postanowi\u0142 zaplanowa\u0107 na dzie\u0144 <strong>26 wrze\u015bnia 2020r<\/strong> <strong>walne zebranie komisaryczne<\/strong>.<\/p>\r\n<p><!--more--><\/p>\r\n<p>Maj\u0105c na wzgl\u0119dzie obowi\u0105zuj\u0105cy rygor sanitarny\u00a0 i obowi\u0105zuj\u0105ce nas zapewnienie bezpiecznych warunk\u00f3w dla dzia\u0142kowc\u00f3w, walne zebranie odb\u0119dzie na terenie naszej \u015bwietlicy w obecno\u015bci do <strong>30 os\u00f3b<\/strong> cz\u0142onk\u00f3w PZD z naszego ogrodu.<\/p>\r\n<p>W soboty <strong>22.08 oraz\u00a0 29.08 w godz.od 11 do 13<\/strong> w biurze ogrodu przyjmowane b\u0119d\u0105 zapisy os\u00f3b ch\u0119tnych do reprezentowania naszych dzia\u0142kowc\u00f3w na walnym zebraniu komisarycznym.<\/p>\r\n\r\n\r\n\r\n<p>Zarz\u0105d ROD<\/p>\r\n\r\n\r\n","protected":false},"excerpt":{"rendered":"<p>Na podstawie uchwa\u0142y nr 4\/IV\/20 z dnia 25.06.20 Krajowej Rady Polskiego Zwi\u0105zku Dzia\u0142kowc\u00f3w sprawie odbywania walnych zebra\u0144 w ROD w warunkach spowodowanych przez zagro\u017cenia epidemiologiczne zarz\u0105d ROD ks. L. Przy\u0142uskiego postanowi\u0142 zaplanowa\u0107 na dzie\u0144 26 wrze\u015bnia 2020r walne zebranie komisaryczne. <a class=\"read-more-link\" href=\"https:\/\/rodprzyluskiego.pl\/?p=1026\">&#8230; kliknij aby wy\u015bwietli\u0107 pe\u0142n\u0105 tre\u015b\u0107.<\/a><\/p>\n","protected":false},"author":1,"featured_media":0,"comment_status":"closed","ping_status":"closed","sticky":false,"template":"","format":"standard","meta":{"footnotes":""},"categories":[5],"tags":[],"class_list":["post-1026","post","type-post","status-publish","format-standard","hentry","category-aktualnosci-rod-przyluskiego"],"_links":{"self":[{"href":"https:\/\/rodprzyluskiego.pl\/index.php?rest_route=\/wp\/v2\/posts\/1026","targetHints":{"allow":["GET"]}}],"collection":[{"href":"https:\/\/rodprzyluskiego.pl\/index.php?rest_route=\/wp\/v2\/posts"}],"about":[{"href":"https:\/\/rodprzyluskiego.pl\/index.php?rest_route=\/wp\/v2\/types\/post"}],"author":[{"embeddable":true,"href":"https:\/\/rodprzyluskiego.pl\/index.php?rest_route=\/wp\/v2\/users\/1"}],"replies":[{"embeddable":true,"href":"https:\/\/rodprzyluskiego.pl\/index.php?rest_route=%2Fwp%2Fv2%2Fcomments&post=1026"}],"version-history":[{"count":2,"href":"https:\/\/rodprzyluskiego.pl\/index.php?rest_route=\/wp\/v2\/posts\/1026\/revisions"}],"predecessor-version":[{"id":1028,"href":"https:\/\/rodprzyluskiego.pl\/index.php?rest_route=\/wp\/v2\/posts\/1026\/revisions\/1028"}],"wp:attachment":[{"href":"https:\/\/rodprzyluskiego.pl\/index.php?rest_route=%2Fwp%2Fv2%2Fmedia&parent=1026"}],"wp:term":[{"taxonomy":"category","embeddable":true,"href":"https:\/\/rodprzyluskiego.pl\/index.php?rest_route=%2Fwp%2Fv2%2Fcategories&post=1026"},{"taxonomy":"post_tag","embeddable":true,"href":"https:\/\/rodprzyluskiego.pl\/index.php?rest_route=%2Fwp%2Fv2%2Ftags&post=1026"}],"curies":[{"name":"wp","href":"https:\/\/api.w.org\/{rel}","templated":true}]}}