{"id":1022,"date":"2020-06-29T18:02:44","date_gmt":"2020-06-29T18:02:44","guid":{"rendered":"https:\/\/rodprzyluskiego.pl\/?p=1022"},"modified":"2020-06-29T18:02:44","modified_gmt":"2020-06-29T18:02:44","slug":"odczyty-licznikow-wody-2","status":"publish","type":"post","link":"https:\/\/rodprzyluskiego.pl\/?p=1022","title":{"rendered":"Odczyty licznik\u00f3w wody"},"content":{"rendered":"\r\n\r\n\r\n<p style=\"text-align: center;\">Z powodu epidemii koronawirusa i braku obecno\u015bci dzia\u0142kowc\u00f3w na dzia\u0142kach nie zosta\u0142y dokonane odczyty wody. Ostatni odczyt odby\u0142 si\u0119 we wrze\u015bniu 2019. W zwi\u0105zku z powy\u017cszym wyj\u0105tkowo w tym sezonie odczyt wody zostanie wykonany od <strong><span style=\"color: #ff0000;\">01 lipca do 10 lipca 2020.<\/span>\u00a0<\/strong><\/p>\r\n<p><!--more--><\/p>\r\n<h3 style=\"text-align: center;\">Prosimy o pozostawienie otwartych studzienek.<\/h3>\r\n<h3 style=\"text-align: center;\"><strong>Prosz\u0119 zdj\u0105\u0107 k\u0142\u00f3dki i inne zabezpieczenia<\/strong><\/h3>\r\n<p style=\"text-align: center;\">Nast\u0119pny odczyt planowany jest w dniu zamkni\u0119cia wody na sezon zimowy.<\/p>\r\n\r\n\r\n<hr \/>\r\n<p>Zarz\u0105d ROD<\/p>\r\n\r\n\r\n","protected":false},"excerpt":{"rendered":"<p>Z powodu epidemii koronawirusa i braku obecno\u015bci dzia\u0142kowc\u00f3w na dzia\u0142kach nie zosta\u0142y dokonane odczyty wody. Ostatni odczyt odby\u0142 si\u0119 we wrze\u015bniu 2019. W zwi\u0105zku z powy\u017cszym wyj\u0105tkowo w tym sezonie odczyt wody zostanie wykonany od 01 lipca do 10 lipca 2020.\u00a0 <a class=\"read-more-link\" href=\"https:\/\/rodprzyluskiego.pl\/?p=1022\">&#8230; kliknij aby wy\u015bwietli\u0107 pe\u0142n\u0105 tre\u015b\u0107.<\/a><\/p>\n","protected":false},"author":1,"featured_media":0,"comment_status":"closed","ping_status":"closed","sticky":false,"template":"","format":"standard","meta":{"footnotes":""},"categories":[5],"tags":[],"class_list":["post-1022","post","type-post","status-publish","format-standard","hentry","category-aktualnosci-rod-przyluskiego"],"_links":{"self":[{"href":"https:\/\/rodprzyluskiego.pl\/index.php?rest_route=\/wp\/v2\/posts\/1022","targetHints":{"allow":["GET"]}}],"collection":[{"href":"https:\/\/rodprzyluskiego.pl\/index.php?rest_route=\/wp\/v2\/posts"}],"about":[{"href":"https:\/\/rodprzyluskiego.pl\/index.php?rest_route=\/wp\/v2\/types\/post"}],"author":[{"embeddable":true,"href":"https:\/\/rodprzyluskiego.pl\/index.php?rest_route=\/wp\/v2\/users\/1"}],"replies":[{"embeddable":true,"href":"https:\/\/rodprzyluskiego.pl\/index.php?rest_route=%2Fwp%2Fv2%2Fcomments&post=1022"}],"version-history":[{"count":1,"href":"https:\/\/rodprzyluskiego.pl\/index.php?rest_route=\/wp\/v2\/posts\/1022\/revisions"}],"predecessor-version":[{"id":1024,"href":"https:\/\/rodprzyluskiego.pl\/index.php?rest_route=\/wp\/v2\/posts\/1022\/revisions\/1024"}],"wp:attachment":[{"href":"https:\/\/rodprzyluskiego.pl\/index.php?rest_route=%2Fwp%2Fv2%2Fmedia&parent=1022"}],"wp:term":[{"taxonomy":"category","embeddable":true,"href":"https:\/\/rodprzyluskiego.pl\/index.php?rest_route=%2Fwp%2Fv2%2Fcategories&post=1022"},{"taxonomy":"post_tag","embeddable":true,"href":"https:\/\/rodprzyluskiego.pl\/index.php?rest_route=%2Fwp%2Fv2%2Ftags&post=1022"}],"curies":[{"name":"wp","href":"https:\/\/api.w.org\/{rel}","templated":true}]}}